{"id":8899,"date":"2025-04-13T15:43:35","date_gmt":"2025-04-13T14:43:35","guid":{"rendered":"https:\/\/www.pankebuch.de\/?p=8899"},"modified":"2025-04-13T16:30:48","modified_gmt":"2025-04-13T15:30:48","slug":"im-april-reisen-wir-mit-euch-nach-island","status":"publish","type":"post","link":"https:\/\/www.pankebuch.de\/?p=8899","title":{"rendered":"Im April reisen wir mit euch nach Island&#8230;"},"content":{"rendered":"\r\n<p><a href=\"https:\/\/www.pankebuch.de\/wp-content\/uploads\/2025\/03\/fruehling1-scaled.jpg\"><img loading=\"lazy\" decoding=\"async\" class=\"alignnone  wp-image-8870\" src=\"https:\/\/www.pankebuch.de\/wp-content\/uploads\/2025\/03\/fruehling1-300x240.jpg\" alt=\"\" width=\"294\" height=\"235\" srcset=\"https:\/\/www.pankebuch.de\/wp-content\/uploads\/2025\/03\/fruehling1-300x240.jpg 300w, https:\/\/www.pankebuch.de\/wp-content\/uploads\/2025\/03\/fruehling1-1024x821.jpg 1024w, https:\/\/www.pankebuch.de\/wp-content\/uploads\/2025\/03\/fruehling1-768x616.jpg 768w, https:\/\/www.pankebuch.de\/wp-content\/uploads\/2025\/03\/fruehling1-1536x1231.jpg 1536w, https:\/\/www.pankebuch.de\/wp-content\/uploads\/2025\/03\/fruehling1-2048x1642.jpg 2048w, https:\/\/www.pankebuch.de\/wp-content\/uploads\/2025\/03\/fruehling1-624x500.jpg 624w\" sizes=\"(max-width: 294px) 100vw, 294px\" \/><\/a> <a href=\"https:\/\/www.pankebuch.de\/wp-content\/uploads\/2025\/03\/fruehlings2-scaled.jpg\"><img loading=\"lazy\" decoding=\"async\" class=\"alignnone  wp-image-8871\" src=\"https:\/\/www.pankebuch.de\/wp-content\/uploads\/2025\/03\/fruehlings2-298x300.jpg\" alt=\"\" width=\"235\" height=\"237\" srcset=\"https:\/\/www.pankebuch.de\/wp-content\/uploads\/2025\/03\/fruehlings2-298x300.jpg 298w, https:\/\/www.pankebuch.de\/wp-content\/uploads\/2025\/03\/fruehlings2-1017x1024.jpg 1017w, https:\/\/www.pankebuch.de\/wp-content\/uploads\/2025\/03\/fruehlings2-150x150.jpg 150w, https:\/\/www.pankebuch.de\/wp-content\/uploads\/2025\/03\/fruehlings2-768x773.jpg 768w, https:\/\/www.pankebuch.de\/wp-content\/uploads\/2025\/03\/fruehlings2-1526x1536.jpg 1526w, https:\/\/www.pankebuch.de\/wp-content\/uploads\/2025\/03\/fruehlings2-2035x2048.jpg 2035w, https:\/\/www.pankebuch.de\/wp-content\/uploads\/2025\/03\/fruehlings2-624x628.jpg 624w\" sizes=\"(max-width: 235px) 100vw, 235px\" \/><\/a><\/p>\r\n<p><span style=\"color: #003366;\">&#8230; zuvor laden wir euch Tag f\u00fcr Tag zum Oster- und Fr\u00fchlingsspaziergang, auch zu einem Wochenendbummel auf dem Weg in den sch\u00f6nen Pankower B\u00fcrgerpark mit Halt im Caf\u00e9 St\u00fcck vom Gl\u00fcck gleich nebenan ein. Unsere extra \u00dcberraschungsp\u00e4ckchen (ein Buch, etwas S\u00fc\u00dfes oder auch Feines f\u00fcr den Garten) sind ein vortreffliches Geschenk. <strong>Wir \u00f6ffnen f\u00fcr euch auch am Ostersamstag, 19. April, 11 &#8211; 18 Uhr und Bestellungen vom Donnerstag k\u00f6nnen Samstag abgeholt werden.<\/strong><br \/><\/span><\/p>\r\n<p><span style=\"color: #003366;\">Eure Buchw\u00fcnsche erf\u00fcllen wir immer gerne via info@pankebuch.de oder hier <a style=\"color: #003366;\" href=\"https:\/\/www.genialokal.de\/buchhandlung\/berlin-pankow\/pankebuch\/\" target=\"_blank\" rel=\"noreferrer noopener\">www.genialokal.de\/buchhandlung\/berlin-pankow\/pankebuch\/<\/a><\/span><\/p>\r\n<p><span style=\"color: #003366;\">Viele Veranstaltungen gibt es bei unseren FreundInnen in den Nordischen Botschaften. Hier der\u00a0<\/span><span style=\"color: #003366;\"><a style=\"color: #003366;\" href=\"https:\/\/www.nordischebotschaften.org\/newsletter\/\">Newsletter &#8211; Nordische Botschaften<\/a><\/span><\/p>\r\n<p><span style=\"color: #003366;\"><a href=\"https:\/\/www.pankebuch.de\/wp-content\/uploads\/2025\/03\/ap.jpg\"><img loading=\"lazy\" decoding=\"async\" class=\"alignnone  wp-image-8875\" src=\"https:\/\/www.pankebuch.de\/wp-content\/uploads\/2025\/03\/ap-295x300.jpg\" alt=\"\" width=\"184\" height=\"187\" srcset=\"https:\/\/www.pankebuch.de\/wp-content\/uploads\/2025\/03\/ap-295x300.jpg 295w, https:\/\/www.pankebuch.de\/wp-content\/uploads\/2025\/03\/ap-624x634.jpg 624w, https:\/\/www.pankebuch.de\/wp-content\/uploads\/2025\/03\/ap.jpg 685w\" sizes=\"(max-width: 184px) 100vw, 184px\" \/><\/a><a href=\"https:\/\/www.pankebuch.de\/wp-content\/uploads\/2025\/03\/seezeichen-schatten.jpeg\"><img loading=\"lazy\" decoding=\"async\" class=\"alignnone  wp-image-8881\" src=\"https:\/\/www.pankebuch.de\/wp-content\/uploads\/2025\/03\/seezeichen-schatten-300x225.jpeg\" alt=\"\" width=\"241\" height=\"181\" srcset=\"https:\/\/www.pankebuch.de\/wp-content\/uploads\/2025\/03\/seezeichen-schatten-300x225.jpeg 300w, https:\/\/www.pankebuch.de\/wp-content\/uploads\/2025\/03\/seezeichen-schatten-624x468.jpeg 624w, https:\/\/www.pankebuch.de\/wp-content\/uploads\/2025\/03\/seezeichen-schatten.jpeg 640w\" sizes=\"(max-width: 241px) 100vw, 241px\" \/><\/a><a href=\"https:\/\/www.pankebuch.de\/wp-content\/uploads\/2025\/03\/hiddensee-scaled.jpg\"><img loading=\"lazy\" decoding=\"async\" class=\"alignnone  wp-image-8900\" src=\"https:\/\/www.pankebuch.de\/wp-content\/uploads\/2025\/03\/hiddensee-227x300.jpg\" alt=\"\" width=\"136\" height=\"179\" srcset=\"https:\/\/www.pankebuch.de\/wp-content\/uploads\/2025\/03\/hiddensee-227x300.jpg 227w, https:\/\/www.pankebuch.de\/wp-content\/uploads\/2025\/03\/hiddensee-773x1024.jpg 773w, https:\/\/www.pankebuch.de\/wp-content\/uploads\/2025\/03\/hiddensee-768x1017.jpg 768w, https:\/\/www.pankebuch.de\/wp-content\/uploads\/2025\/03\/hiddensee-1160x1536.jpg 1160w, https:\/\/www.pankebuch.de\/wp-content\/uploads\/2025\/03\/hiddensee-1546x2048.jpg 1546w, https:\/\/www.pankebuch.de\/wp-content\/uploads\/2025\/03\/hiddensee-624x826.jpg 624w, https:\/\/www.pankebuch.de\/wp-content\/uploads\/2025\/03\/hiddensee-scaled.jpg 1933w\" sizes=\"(max-width: 136px) 100vw, 136px\" \/><\/a><\/span><\/p>\r\n<p><strong><span style=\"color: #003366;\">Die laufende Ausstellung im Pankebuch bis September: Antje Pehle FR\u00dcHLING, Julika M\u00fcller SEEZEICHEN und Petra Wenzel HIDDENSEE<\/span><\/strong><\/p>\r\n<div id=\"attachment_8861\" style=\"width: 310px\" class=\"wp-caption alignnone\"><a href=\"https:\/\/www.pankebuch.de\/wp-content\/uploads\/2025\/02\/anne-siegel-jacobia-dahm.jpg\"><img loading=\"lazy\" decoding=\"async\" aria-describedby=\"caption-attachment-8861\" class=\"size-medium wp-image-8861\" src=\"https:\/\/www.pankebuch.de\/wp-content\/uploads\/2025\/02\/anne-siegel-jacobia-dahm-300x300.jpg\" alt=\"\" width=\"300\" height=\"300\" srcset=\"https:\/\/www.pankebuch.de\/wp-content\/uploads\/2025\/02\/anne-siegel-jacobia-dahm-300x300.jpg 300w, https:\/\/www.pankebuch.de\/wp-content\/uploads\/2025\/02\/anne-siegel-jacobia-dahm-1024x1024.jpg 1024w, https:\/\/www.pankebuch.de\/wp-content\/uploads\/2025\/02\/anne-siegel-jacobia-dahm-150x150.jpg 150w, https:\/\/www.pankebuch.de\/wp-content\/uploads\/2025\/02\/anne-siegel-jacobia-dahm-768x768.jpg 768w, https:\/\/www.pankebuch.de\/wp-content\/uploads\/2025\/02\/anne-siegel-jacobia-dahm-1536x1536.jpg 1536w, https:\/\/www.pankebuch.de\/wp-content\/uploads\/2025\/02\/anne-siegel-jacobia-dahm-624x624.jpg 624w, https:\/\/www.pankebuch.de\/wp-content\/uploads\/2025\/02\/anne-siegel-jacobia-dahm.jpg 2048w\" sizes=\"(max-width: 300px) 100vw, 300px\" \/><\/a><p id=\"caption-attachment-8861\" class=\"wp-caption-text\"><span style=\"color: #003366;\">Foto: Jacobia Dahm<\/span><\/p><\/div>\r\n<p><span style=\"color: #003366;\"><strong>Freitag 25. April 19.30 \u2013 Gemeinsam mit der Autorin und Island-Kennerin Anne Siegel gehen wir der Frage \u201eWo Islands wilde Seele wohnt\u201c (Malik Verlag) nach und reisen erneut auf diese Lieblingsinsel. Kommt mit! <a href=\"https:\/\/www.annesiegel.org\/\" target=\"_blank\" rel=\"noopener\">annesiegel.org<\/a><br \/><\/strong><\/span><\/p>\r\n<p><span style=\"color: #003366;\"><strong>Caf\u00e9 Eden, Breite Str.43, Pankow, Karte 13 Euro \u00fcber <a style=\"color: #003366;\" href=\"mailto:info@pankebuch.de\">info@pankebuch.de<\/a><\/strong><\/span><\/p>\r\n<p><a href=\"https:\/\/www.pankebuch.de\/wp-content\/uploads\/2025\/04\/lettland25.jpg\"><img loading=\"lazy\" decoding=\"async\" class=\" wp-image-8912\" src=\"https:\/\/www.pankebuch.de\/wp-content\/uploads\/2025\/04\/lettland25-300x300.jpg\" alt=\"\" width=\"399\" height=\"399\" srcset=\"https:\/\/www.pankebuch.de\/wp-content\/uploads\/2025\/04\/lettland25-300x300.jpg 300w, https:\/\/www.pankebuch.de\/wp-content\/uploads\/2025\/04\/lettland25-1024x1024.jpg 1024w, https:\/\/www.pankebuch.de\/wp-content\/uploads\/2025\/04\/lettland25-150x150.jpg 150w, https:\/\/www.pankebuch.de\/wp-content\/uploads\/2025\/04\/lettland25-768x768.jpg 768w, https:\/\/www.pankebuch.de\/wp-content\/uploads\/2025\/04\/lettland25-1536x1536.jpg 1536w, https:\/\/www.pankebuch.de\/wp-content\/uploads\/2025\/04\/lettland25-624x624.jpg 624w, https:\/\/www.pankebuch.de\/wp-content\/uploads\/2025\/04\/lettland25.jpg 2048w\" sizes=\"(max-width: 399px) 100vw, 399px\" \/><\/a><\/p>\r\n<h3><span style=\"color: #003366;\">Freitag 23. Mail 19.30 Uhr<strong><span style=\"font-family: Tahoma, sans-serif;\"><span style=\"font-size: medium;\"> &#8211; <\/span><\/span><\/strong><strong>Eismeer und lysergs\u00e4ureblues &#8211; zwei Stimmen, zwei Welten aus Lettland<\/strong><\/span><\/h3>\r\n<p><strong><span style=\"color: #003366;\">Taucht ein in die faszinierende Welt der lettischen Gegenwartsliteratur! Die Autoren Dace V\u012bgante und Vilis Kasims entf\u00fchren euch mit ihren Werken \u201eEismeer\u201c (mauke verlag) und \u201eLysergs\u00e4ureblues\u201c (edition.fotoTAPETA) in bewegende Geschichten \u00fcber Erinnerung, Identit\u00e4t und die Grenzen der Realit\u00e4t.<\/span><\/strong><\/p>\r\n<p><span style=\"color: #003366;\">Es moderieren <span class=\"\">Andreas Rosteck (Verlag FotoTAPETA) und Andr\u00e9 St\u00f6rr (Mauke Verlag).\u00a0<\/span> <span class=\"\">Aus dem Lettischen \u00fcbersetzt \u00a0Aiga \u0160emeta. Unterst\u00fctzt von Latvian Literature Riga.<\/span><\/span><span class=\"\"><span style=\"color: #003366;\"> <h3 class='azc_tsh_toggle' style='border: 0px; '><a href='#' style='color: #003366; font-family: Arial; font-size: 12px; font-weight: 500; '>Weiterlesen<\/a><\/h3><div class='azc_tsh_toggle_container' style='border: 0px; color: #003366; '><\/span><br \/><\/span><\/p>\r\n<p><span style=\"color: #003366;\">In \u201eEismeer\u201c zeichnet Dace V\u012bgante ein einf\u00fchlsames Portr\u00e4t mehrerer Frauen, deren Schicksale durch famili\u00e4re Verbindungen und die Umbr\u00fcche des\u00a020. Jahrhunderts in Lettland miteinander verflochten sind. In poetischer Sprache erz\u00e4hlt sie von Entfremdung, verborgenem Schmerz und der leisen Hoffnung, die K\u00e4lte der Vergangenheit zu durchbrechen. (<em class=\"\" data-start=\"852\" data-end=\"905\">\u00dcbersetzung aus dem Lettischen von Bettina Bergman.<\/em>)<\/span><\/p>\r\n<p><span style=\"color: #003366;\">In den 37 Texten des \u201eLysergs\u00e4ueblues\u201c mit Kurzprosa, Ultrakurzgeschichten und Gedichtprosa erz\u00e4hlt der Rigaer Autor Vilis Kasims aus einem merkw\u00fcrdigen Alltag. Mal sitzt dem Erz\u00e4hler ein Obdachloser auf der Schulter und macht ihm klar, dass alle Anstrengung eh nichts bringt, mal kommt per Satellitenfernseher echte Farbe ins Leben oder ein altes Radio dient als Verbindung in die Erinnerung. Wirklichkeit um die Jahrtausendwende im Norden Osteuropas. (<em class=\"\" data-start=\"1277\" data-end=\"1323\">\u00dcbersetzung aus dem Lettischen von Lil Reif.<\/em>) <\/span><\/p>\r\n<p><span style=\"color: #003366;\">Dace <b class=\"\">V\u012bgante<\/b> (19070) ist Schriftstellerin, Redakteurin und Leiterin der Prosawerkstatt &#8222;Literarische Akademie&#8220; des lettischen Schriftstellerverbandes. Sie schloss ihr Studium an der Juristischen Fakult\u00e4t der Universit\u00e4t von Lettland ab. <\/span><span class=\"\"><span style=\"color: #003366;\">Seit 2016 hat sie drei Sammlungen von Kurzgeschichten und einen Roman ver\u00f6ffentlicht. Ihre Kurzgeschichtensammlung \u201eEisorange\u201c (2016), darunter die Langgeschichte \u201eEismeer\u201c, wurde f\u00fcr den lettischen Literaturpreis als herausragendes Deb\u00fct und den \u00f6ffentlichen Medienpreis \u201eKilograms kult\u016bras\u201c nominiert. Der<\/span> <span style=\"color: #003366;\">Roman \u201eDer Romantiker\u201c (2022) wurde f\u00fcr den lettischen Literaturpreis als bestes Prosawerk und den \u00f6ffentlichen Medienpreis \u201eKilograms kult\u016bras\u201c nominiert und ins Estnische \u00fcbersetzt. Die Erz\u00e4hlungen wurden ins Litauische, Chinesische, Deutsche, Englische und Armenische \u00fcbersetzt.<\/span><\/span><span class=\"\" style=\"color: #003366;\">\u00a0<\/span><\/p>\r\n<p><span style=\"color: #003366;\"><b class=\"\">Vilis Kasims <\/b><span class=\"\">(1986) ist ein lettischer Autor, \u00dcbersetzer, Herausgeber und Literaturagent. Er hat zwei Romane, eine Sammlung von Kurzgeschichten und einen Roman in Essays ver\u00f6ffentlicht. Seine Werke sind ins Englische, Deutsche, Katalanische und Finnische \u00fcbersetzt worden. Er \u00fcbersetzt selbst aus dem Englischen, Russischen, Katalanischen und Spanischen und hat bisher rund 20 \u00dcbersetzungen ver\u00f6ffentlicht. <\/div><\/span><\/span><\/p>\r\n<p><span style=\"color: #003366;\"><span class=\"\">\u00a0<\/span><\/span><\/p>\r\n<p><span style=\"color: #003366;\"><strong>Caf\u00e9 Eden, Breite Str. 43, Pankow, Karte 13 Euro \u00fcber <a style=\"color: #003366;\" href=\"mailto:info@pankebuch.de\">info@pankebuch.de<\/a><\/strong><\/span><\/p>\r\n<p><img decoding=\"async\" src=\"https:\/\/www.pankebuch.de\/wp-content\/uploads\/2025\/03\/welttag-des-buches-300x221.png\" \/><\/p>\r\n<h2><strong style=\"font-size: 1rem;\"><span style=\"color: #003366;\">Anl\u00e4sslich des Welttages des Buches beteiligen wir uns auch in diesem Jahr an der Aktion &#8222;Ich schenk dir eine Geschichte&#8220; und laden Schulklassen, auch aus unserer Partnerschule, der Arnold-Zweig-Grundschule in Pankow zu uns ins Pankebuch ein. <\/span><\/strong><strong style=\"font-size: 1rem;\"><span style=\"color: #003366;\"><br \/><\/span><\/strong><\/h2>\r\n<p><span style=\"color: #003366;\"><h3 class='azc_tsh_toggle' style='border: 0px; '><a href='#' style='color: #003366; font-family: Arial; font-size: 12px; font-weight: 500; '>Weiterlesen<\/a><\/h3><div class='azc_tsh_toggle_container' style='border: 0px; color: #003366; '> Am 23. April ist es wieder so weit: Deutschlandweit feiern Buchhandlungen, Verlage, Bibliotheken, Schulen und Lesebegeisterte am UNESCO-Welttag des Buches ein gro\u00dfes Lesefest. Eine regionale Tradition ist zu einem internationalen Ereignis geworden: 1995 erkl\u00e4rte die UNESCO den 23. April zum \u201eWelttag des Buches\u201c, dem weltweiten Feiertag f\u00fcr das Lesen, f\u00fcr B\u00fccher und die Rechte der Autoren. Die UN-Organisation f\u00fcr Kultur und Bildung hat sich dabei von dem katalanischen Brauch inspirieren lassen, zum Namenstag des Volksheiligen St. Georg Rosen und B\u00fccher zu verschenken. \u00dcber diesen Brauch hinaus hat der 23. April auch aus einem weiteren Grund besondere Bedeutung: Er ist der Todestag von William Shakespeare und Miguel de Cervantes. <\/div><\/span><\/p>\r\n<h4><span style=\"color: #003366;\">Eine ganz aktuelle Empfehlung: <\/span><span style=\"color: #003366;\">Elin Anna Labba &#8220; Das Echo der Sommer&#8220; aus dem Schwedischen von Hanna Granz, erschienen im S. Fischer Verlag<\/span><\/h4>\r\n<p>&nbsp;<\/p>\r\n<p><a href=\"https:\/\/www.pankebuch.de\/wp-content\/uploads\/2025\/04\/labba.webp\"><img loading=\"lazy\" decoding=\"async\" class=\"alignnone size-medium wp-image-8908\" src=\"https:\/\/www.pankebuch.de\/wp-content\/uploads\/2025\/04\/labba-184x300.webp\" alt=\"\" width=\"184\" height=\"300\" srcset=\"https:\/\/www.pankebuch.de\/wp-content\/uploads\/2025\/04\/labba-184x300.webp 184w, https:\/\/www.pankebuch.de\/wp-content\/uploads\/2025\/04\/labba.webp 270w\" sizes=\"(max-width: 184px) 100vw, 184px\" \/><\/a><\/p>\r\n<p><span style=\"color: #003366;\">Elin Anna Labba erz\u00e4hlt von schier unglaublichen Ereignissen &#8211; der wiederholten \u00dcberflutung samischer Wohnst\u00e4dten bei der Stauung des Lule\u00e4lv &#8211; ohne Information oder gar Entsch\u00e4digung f\u00fcr die Menschen. Wir erleben drei eigensinnige Frauen inmitten dieser gewaltigen Natur, als Teil ihrer Sch\u00f6nheit und auch Unbarmherzigkeit. Die Autorin erz\u00e4hlt packend vom jahrzehntelangen Kampf der S\u00e1mi um ihr Land und ihre Art zu leben, dabei flicht sie auf stimmige Weise die samische Sprache ein.<\/span><\/p>\r\n<p><span style=\"color: #003366;\">Artikel dazu hier: <\/span><span style=\"color: #003366;\"><a style=\"color: #003366;\" href=\"https:\/\/polarkreisportal.de\/mehr\/luleaelven\">Lule\u00e4lven &#8211; Leben an der flie\u00dfenden Batterie<\/a><\/span><\/p>\r\n<p><span style=\"color: #003366;\"><strong>In eigener Sache: nach mehr als 13 Jahren mit wunderbaren Begegnungen und Erfahrungen m\u00f6chten wir unser Pankebuch an j\u00fcngere Menschen mit Leidenschaft f\u00fcr die Literatur weitergeben. Sehr gut k\u00f6nnen wir uns auch ein Team, ein Kollektiv von Gleichgesinnten vorstellen. Wer ergreift diese Chance? Anfragen an pankebuch@posteo.de.<\/strong><\/span><\/p>\r\n<ul>\r\n<li><span style=\"color: #003366; font-size: 1rem;\">Gegr\u00fcndet Oktober 2011 im Zentrum von Alt-Pankow, Berlin und seitdem fest verankert im Kiez und zugleich bundesweit bekannt<\/span><\/li>\r\n<li><span style=\"color: #003366;\">Alleinstellungsmerkmal Nordfokus &#8211; Literatur und Kultur der Nordischen L\u00e4nder und des Baltikums<\/span><\/li>\r\n<li><span style=\"color: #003366;\">zahlreiche Presseartikel und Beitr\u00e4ge in TV und H\u00f6rfunk, regional und \u00fcberregional<span style=\"font-family: Tahoma, sans-serif;\"><span style=\"font-size: medium;\"><br \/><\/span><\/span><\/span><\/li>\r\n<li><span style=\"color: #003366;\">seit 2013 Partnerbuchhandlung der Nordischen Botschaften, Kooperation mit dem Finnland Institut u.a.<\/span><\/li>\r\n<li><span style=\"color: #003366;\">starke Partner und Auftraggeber im Kiez (Bibliothek, Schulen, Stadtteilzentrum)<\/span><\/li>\r\n<li><span style=\"color: #003366;\">Buchhandlungspreis 2017 und 2018<\/span><\/li>\r\n<li><span style=\"color: #003366;\">j\u00e4hrlich ca. 10 Lesungen mit Autoren und weitere Veranstaltungen, eingef\u00fchrte Feste (Lindgren, Mumins, Lucia), 3 &#8211; 4 Ausstellungen im Jahr<\/span><\/li>\r\n<li><span style=\"color: #003366;\">monatlicher Lesekreis mit ca. 20 Teilehmerinnen und Teilnehmern seit \u00fcber 11 Jahren<\/span><\/li>\r\n<li><span style=\"color: #003366;\">aktive community auf facebook und instagram, \u00fcber 1.000 Abonnentinnen und Abonnenten des monatlichen Newsletters<\/span><\/li>\r\n<li><span style=\"color: #003366;\">50 qm Verkaufsf\u00e4che, \u00dcbernahme Mietvertrag gesichert<\/span><\/li>\r\n<li><span style=\"color: #003366;\">Wunschtermin f\u00fcr die \u00dcbergabe: September 2025<\/span><\/li>\r\n<li><span style=\"color: #003366;\">Ver\u00f6ffentlichungen dazu gab es bereits im B\u00f6rsenblatt, Buchmarkt, NORR Magazin, TIP Berlin und in der Berliner Morgenpost. Wir freuen uns auf weitere Ver\u00f6ffentlichungen und die Verbreitung. Wir sind mit mehreren Interessentinnen und Interessenten in Verhandlungen.\u00a0<\/span><\/li>\r\n<\/ul>\r\n<p><span style=\"color: #003366;\"><em><strong>Mit herzlichen Gr\u00fc\u00dfen<br \/><\/strong><\/em><\/span><\/p>\r\n<p><span style=\"color: #003366;\"><em>\r\n\r\n<\/em><\/span><\/p>\r\n<p class=\"has-blue-color has-text-color\"><span style=\"color: #003366;\"><em><strong>Eure <\/strong><strong>Petra Wenzel und Katrin Mirtschink<\/strong><\/em><\/span><\/p>\r\n\r\n\r\n\r\n<div id=\"attachment_8699\" style=\"width: 210px\" class=\"wp-caption alignnone\"><a href=\"https:\/\/www.pankebuch.de\/wp-content\/uploads\/2024\/07\/wir2-scaled.jpg\"><img loading=\"lazy\" decoding=\"async\" aria-describedby=\"caption-attachment-8699\" class=\"size-medium wp-image-8699\" src=\"https:\/\/www.pankebuch.de\/wp-content\/uploads\/2024\/07\/wir2-200x300.jpg\" alt=\"\" width=\"200\" height=\"300\" srcset=\"https:\/\/www.pankebuch.de\/wp-content\/uploads\/2024\/07\/wir2-200x300.jpg 200w, https:\/\/www.pankebuch.de\/wp-content\/uploads\/2024\/07\/wir2-683x1024.jpg 683w, https:\/\/www.pankebuch.de\/wp-content\/uploads\/2024\/07\/wir2-768x1152.jpg 768w, https:\/\/www.pankebuch.de\/wp-content\/uploads\/2024\/07\/wir2-1024x1536.jpg 1024w, https:\/\/www.pankebuch.de\/wp-content\/uploads\/2024\/07\/wir2-1365x2048.jpg 1365w, https:\/\/www.pankebuch.de\/wp-content\/uploads\/2024\/07\/wir2-624x936.jpg 624w, https:\/\/www.pankebuch.de\/wp-content\/uploads\/2024\/07\/wir2-scaled.jpg 1707w\" sizes=\"(max-width: 200px) 100vw, 200px\" \/><\/a><p id=\"caption-attachment-8699\" class=\"wp-caption-text\">Pankebuch<\/p><\/div>\r\n\r\n<p>&nbsp;<\/p>\r\n\r\n<p>&nbsp;<\/p>\r\n\r\n<p>&nbsp;<\/p>\r\n\r\n<p>&nbsp;<\/p>\r\n\r\n<p>&nbsp;<\/p>\r\n\r\n<p>&nbsp;<\/p>\r\n","protected":false},"excerpt":{"rendered":"<p>&#8230; zuvor laden wir euch Tag f\u00fcr Tag zum Oster- und Fr\u00fchlingsspaziergang, auch zu einem Wochenendbummel auf dem Weg in den sch\u00f6nen Pankower B\u00fcrgerpark mit Halt im Caf\u00e9 St\u00fcck vom Gl\u00fcck gleich nebenan ein. Unsere extra \u00dcberraschungsp\u00e4ckchen (ein Buch, etwas S\u00fc\u00dfes oder auch Feines f\u00fcr den Garten) sind ein vortreffliches Geschenk. Wir \u00f6ffnen f\u00fcr euch [&hellip;]<\/p>\n","protected":false},"author":1,"featured_media":0,"comment_status":"closed","ping_status":"open","sticky":false,"template":"","format":"image","meta":{"footnotes":""},"categories":[1],"tags":[],"_links":{"self":[{"href":"https:\/\/www.pankebuch.de\/index.php?rest_route=\/wp\/v2\/posts\/8899"}],"collection":[{"href":"https:\/\/www.pankebuch.de\/index.php?rest_route=\/wp\/v2\/posts"}],"about":[{"href":"https:\/\/www.pankebuch.de\/index.php?rest_route=\/wp\/v2\/types\/post"}],"author":[{"embeddable":true,"href":"https:\/\/www.pankebuch.de\/index.php?rest_route=\/wp\/v2\/users\/1"}],"replies":[{"embeddable":true,"href":"https:\/\/www.pankebuch.de\/index.php?rest_route=%2Fwp%2Fv2%2Fcomments&post=8899"}],"version-history":[{"count":16,"href":"https:\/\/www.pankebuch.de\/index.php?rest_route=\/wp\/v2\/posts\/8899\/revisions"}],"predecessor-version":[{"id":8925,"href":"https:\/\/www.pankebuch.de\/index.php?rest_route=\/wp\/v2\/posts\/8899\/revisions\/8925"}],"wp:attachment":[{"href":"https:\/\/www.pankebuch.de\/index.php?rest_route=%2Fwp%2Fv2%2Fmedia&parent=8899"}],"wp:term":[{"taxonomy":"category","embeddable":true,"href":"https:\/\/www.pankebuch.de\/index.php?rest_route=%2Fwp%2Fv2%2Fcategories&post=8899"},{"taxonomy":"post_tag","embeddable":true,"href":"https:\/\/www.pankebuch.de\/index.php?rest_route=%2Fwp%2Fv2%2Ftags&post=8899"}],"curies":[{"name":"wp","href":"https:\/\/api.w.org\/{rel}","templated":true}]}}