{"id":8866,"date":"2025-03-15T15:50:52","date_gmt":"2025-03-15T14:50:52","guid":{"rendered":"https:\/\/www.pankebuch.de\/?p=8866"},"modified":"2025-03-31T17:05:37","modified_gmt":"2025-03-31T16:05:37","slug":"jetzt-faengt-das-schoene-fruehjahr-an","status":"publish","type":"post","link":"https:\/\/www.pankebuch.de\/?p=8866","title":{"rendered":"Jetzt f\u00e4ngt das sch\u00f6ne Fr\u00fchjahr an&#8230;"},"content":{"rendered":"\r\n<p><a href=\"https:\/\/www.pankebuch.de\/wp-content\/uploads\/2025\/03\/fruehling1-scaled.jpg\"><img loading=\"lazy\" decoding=\"async\" class=\"alignnone  wp-image-8870\" src=\"https:\/\/www.pankebuch.de\/wp-content\/uploads\/2025\/03\/fruehling1-300x240.jpg\" alt=\"\" width=\"294\" height=\"235\" srcset=\"https:\/\/www.pankebuch.de\/wp-content\/uploads\/2025\/03\/fruehling1-300x240.jpg 300w, https:\/\/www.pankebuch.de\/wp-content\/uploads\/2025\/03\/fruehling1-1024x821.jpg 1024w, https:\/\/www.pankebuch.de\/wp-content\/uploads\/2025\/03\/fruehling1-768x616.jpg 768w, https:\/\/www.pankebuch.de\/wp-content\/uploads\/2025\/03\/fruehling1-1536x1231.jpg 1536w, https:\/\/www.pankebuch.de\/wp-content\/uploads\/2025\/03\/fruehling1-2048x1642.jpg 2048w, https:\/\/www.pankebuch.de\/wp-content\/uploads\/2025\/03\/fruehling1-624x500.jpg 624w\" sizes=\"(max-width: 294px) 100vw, 294px\" \/><\/a> <a href=\"https:\/\/www.pankebuch.de\/wp-content\/uploads\/2025\/03\/fruehlings2-scaled.jpg\"><img loading=\"lazy\" decoding=\"async\" class=\"alignnone  wp-image-8871\" src=\"https:\/\/www.pankebuch.de\/wp-content\/uploads\/2025\/03\/fruehlings2-298x300.jpg\" alt=\"\" width=\"235\" height=\"237\" srcset=\"https:\/\/www.pankebuch.de\/wp-content\/uploads\/2025\/03\/fruehlings2-298x300.jpg 298w, https:\/\/www.pankebuch.de\/wp-content\/uploads\/2025\/03\/fruehlings2-1017x1024.jpg 1017w, https:\/\/www.pankebuch.de\/wp-content\/uploads\/2025\/03\/fruehlings2-150x150.jpg 150w, https:\/\/www.pankebuch.de\/wp-content\/uploads\/2025\/03\/fruehlings2-768x773.jpg 768w, https:\/\/www.pankebuch.de\/wp-content\/uploads\/2025\/03\/fruehlings2-1526x1536.jpg 1526w, https:\/\/www.pankebuch.de\/wp-content\/uploads\/2025\/03\/fruehlings2-2035x2048.jpg 2035w, https:\/\/www.pankebuch.de\/wp-content\/uploads\/2025\/03\/fruehlings2-624x628.jpg 624w\" sizes=\"(max-width: 235px) 100vw, 235px\" \/><\/a><\/p>\r\n<p><strong><span style=\"color: #003366;\">Lasst euch einladen zum Oster- und Fr\u00fchlingsspaziergang Tag f\u00fcr Tag oder zu einem Wochenendbummel auf dem Weg in den sch\u00f6nen Pankower B\u00fcrgerpark mit Halt im Caf\u00e9 St\u00fcck vom Gl\u00fcck gleich nebenan.<\/span><\/strong><\/p>\r\n<p><strong><span style=\"color: #003366;\">Eure Buchw\u00fcnsche erf\u00fcllen wir immer gerne via info@pankebuch.de oder hier <a style=\"color: #003366;\" href=\"https:\/\/www.genialokal.de\/buchhandlung\/berlin-pankow\/pankebuch\/\" target=\"_blank\" rel=\"noreferrer noopener\">www.genialokal.de\/buchhandlung\/berlin-pankow\/pankebuch\/<\/a><\/span><\/strong><\/p>\r\n<p><a href=\"https:\/\/www.pankebuch.de\/wp-content\/uploads\/2024\/12\/no-autoren.webp\"><img loading=\"lazy\" decoding=\"async\" class=\"alignnone size-medium wp-image-8817\" src=\"https:\/\/www.pankebuch.de\/wp-content\/uploads\/2024\/12\/no-autoren-300x171.webp\" alt=\"\" width=\"300\" height=\"171\" srcset=\"https:\/\/www.pankebuch.de\/wp-content\/uploads\/2024\/12\/no-autoren-300x171.webp 300w, https:\/\/www.pankebuch.de\/wp-content\/uploads\/2024\/12\/no-autoren-1024x583.webp 1024w, https:\/\/www.pankebuch.de\/wp-content\/uploads\/2024\/12\/no-autoren-768x437.webp 768w, https:\/\/www.pankebuch.de\/wp-content\/uploads\/2024\/12\/no-autoren-1536x874.webp 1536w, https:\/\/www.pankebuch.de\/wp-content\/uploads\/2024\/12\/no-autoren-2048x1165.webp 2048w, https:\/\/www.pankebuch.de\/wp-content\/uploads\/2024\/12\/no-autoren-624x355.webp 624w\" sizes=\"(max-width: 300px) 100vw, 300px\" \/><\/a><a href=\"https:\/\/www.pankebuch.de\/wp-content\/uploads\/2025\/03\/lbm25-em-1080x1920px.jpg\"><img loading=\"lazy\" decoding=\"async\" class=\"alignnone  wp-image-8874\" src=\"https:\/\/www.pankebuch.de\/wp-content\/uploads\/2025\/03\/lbm25-em-1080x1920px-169x300.jpg\" alt=\"\" width=\"96\" height=\"170\" srcset=\"https:\/\/www.pankebuch.de\/wp-content\/uploads\/2025\/03\/lbm25-em-1080x1920px-169x300.jpg 169w, https:\/\/www.pankebuch.de\/wp-content\/uploads\/2025\/03\/lbm25-em-1080x1920px-576x1024.jpg 576w, https:\/\/www.pankebuch.de\/wp-content\/uploads\/2025\/03\/lbm25-em-1080x1920px-768x1365.jpg 768w, https:\/\/www.pankebuch.de\/wp-content\/uploads\/2025\/03\/lbm25-em-1080x1920px-864x1536.jpg 864w, https:\/\/www.pankebuch.de\/wp-content\/uploads\/2025\/03\/lbm25-em-1080x1920px-624x1109.jpg 624w, https:\/\/www.pankebuch.de\/wp-content\/uploads\/2025\/03\/lbm25-em-1080x1920px.jpg 1080w\" sizes=\"(max-width: 96px) 100vw, 96px\" \/><\/a><a href=\"https:\/\/www.pankebuch.de\/wp-content\/uploads\/2024\/12\/no-leipzig.png\"><img loading=\"lazy\" decoding=\"async\" class=\"alignnone  wp-image-8824\" src=\"https:\/\/www.pankebuch.de\/wp-content\/uploads\/2024\/12\/no-leipzig-300x85.png\" alt=\"\" width=\"349\" height=\"99\" srcset=\"https:\/\/www.pankebuch.de\/wp-content\/uploads\/2024\/12\/no-leipzig-300x85.png 300w, https:\/\/www.pankebuch.de\/wp-content\/uploads\/2024\/12\/no-leipzig-1024x289.png 1024w, https:\/\/www.pankebuch.de\/wp-content\/uploads\/2024\/12\/no-leipzig-768x217.png 768w, https:\/\/www.pankebuch.de\/wp-content\/uploads\/2024\/12\/no-leipzig-624x176.png 624w, https:\/\/www.pankebuch.de\/wp-content\/uploads\/2024\/12\/no-leipzig.png 1239w\" sizes=\"(max-width: 349px) 100vw, 349px\" \/><\/a><\/p>\r\n<p><strong><span style=\"color: #003366;\">2025 ist ein besonderes Jahr f\u00fcr die norwegische Literatur. Unter dem Motto &#8222;Traum im Fr\u00fchling&#8220; pr\u00e4sentiert sich das Land mit allen literarischen Facetten auf der Leipziger Buchmesse vom 27. bis 30. M\u00e4rz und dar\u00fcber hinaus im ganzen Land an vielen Orten. Lest, lest und h\u00f6rt, h\u00f6rt und kommt mit nach Leipzig. Norwegen &#8211; Der B\u00fcchersnakk.<\/span><\/strong><\/p>\r\n<p><strong><a href=\"https:\/\/www.leipziger-buchmesse.de\/de\/erleben\/international\/gastland-2025-norwegen\/\">Gastland 2025: Norwegen | Leipziger Buchmesse<\/a><\/strong><\/p>\r\n<p><span style=\"color: #003366;\">Viele Veranstaltungen gibt es bei unseren FreundInnen in den Nordischen Botschaften. Hier der\u00a0<\/span><span style=\"color: #003366;\"><a style=\"color: #003366;\" href=\"https:\/\/www.nordischebotschaften.org\/newsletter\/\">Newsletter &#8211; Nordische Botschaften<\/a><\/span><\/p>\r\n<p><span style=\"color: #003366;\"><a href=\"https:\/\/www.pankebuch.de\/wp-content\/uploads\/2025\/03\/ap.jpg\"><img loading=\"lazy\" decoding=\"async\" class=\"alignnone  wp-image-8875\" src=\"https:\/\/www.pankebuch.de\/wp-content\/uploads\/2025\/03\/ap-295x300.jpg\" alt=\"\" width=\"184\" height=\"187\" srcset=\"https:\/\/www.pankebuch.de\/wp-content\/uploads\/2025\/03\/ap-295x300.jpg 295w, https:\/\/www.pankebuch.de\/wp-content\/uploads\/2025\/03\/ap-624x634.jpg 624w, https:\/\/www.pankebuch.de\/wp-content\/uploads\/2025\/03\/ap.jpg 685w\" sizes=\"(max-width: 184px) 100vw, 184px\" \/><\/a><a href=\"https:\/\/www.pankebuch.de\/wp-content\/uploads\/2025\/03\/seezeichen-schatten.jpeg\"><img loading=\"lazy\" decoding=\"async\" class=\"alignnone  wp-image-8881\" src=\"https:\/\/www.pankebuch.de\/wp-content\/uploads\/2025\/03\/seezeichen-schatten-300x225.jpeg\" alt=\"\" width=\"241\" height=\"181\" srcset=\"https:\/\/www.pankebuch.de\/wp-content\/uploads\/2025\/03\/seezeichen-schatten-300x225.jpeg 300w, https:\/\/www.pankebuch.de\/wp-content\/uploads\/2025\/03\/seezeichen-schatten-624x468.jpeg 624w, https:\/\/www.pankebuch.de\/wp-content\/uploads\/2025\/03\/seezeichen-schatten.jpeg 640w\" sizes=\"(max-width: 241px) 100vw, 241px\" \/><\/a><\/span><\/p>\r\n<p><strong><span style=\"color: #003366;\">Antje Pehle Druckgrafik und Julika M\u00fcller Objekte Seezeichen<\/span><\/strong><\/p>\r\n<p><strong><span style=\"color: #003366;\">Am Freitag 21. M\u00e4rz 19 Uhr er\u00f6ffnen wir unsere neue Ausstellung mit Druckgrafik Fr\u00fchling von Antje Pehle <a href=\"http:\/\/www.antjepehle.de\" target=\"_blank\" rel=\"noopener\">www.antjepehle.de<\/a>, Radierungen und Objekten Seezeichen von Julika M\u00fcller\u00a0 <a href=\"http:\/\/julikamueller.de\/kontakt\/\" target=\"_blank\" rel=\"noopener\">julikamueller.de<\/a>\u00a0 sowie<\/span><\/strong><strong><span style=\"color: #003366;\"> Fotografien Hiddensee von Petra Wenzel, Buchh\u00e4ndlerin. (Ausstellung bis September)<\/span><\/strong><\/p>\r\n<p><a href=\"https:\/\/www.pankebuch.de\/wp-content\/uploads\/2025\/02\/indiebook202-scaled.jpg\"><img loading=\"lazy\" decoding=\"async\" class=\"alignnone size-medium wp-image-8864\" src=\"https:\/\/www.pankebuch.de\/wp-content\/uploads\/2025\/02\/indiebook202-237x300.jpg\" alt=\"\" width=\"237\" height=\"300\" srcset=\"https:\/\/www.pankebuch.de\/wp-content\/uploads\/2025\/02\/indiebook202-237x300.jpg 237w, https:\/\/www.pankebuch.de\/wp-content\/uploads\/2025\/02\/indiebook202-808x1024.jpg 808w, https:\/\/www.pankebuch.de\/wp-content\/uploads\/2025\/02\/indiebook202-768x974.jpg 768w, https:\/\/www.pankebuch.de\/wp-content\/uploads\/2025\/02\/indiebook202-1211x1536.jpg 1211w, https:\/\/www.pankebuch.de\/wp-content\/uploads\/2025\/02\/indiebook202-1615x2048.jpg 1615w, https:\/\/www.pankebuch.de\/wp-content\/uploads\/2025\/02\/indiebook202-624x791.jpg 624w, https:\/\/www.pankebuch.de\/wp-content\/uploads\/2025\/02\/indiebook202-scaled.jpg 2019w\" sizes=\"(max-width: 237px) 100vw, 237px\" \/><\/a><a href=\"https:\/\/www.pankebuch.de\/wp-content\/uploads\/2025\/03\/indiebook-scaled.jpg\"><img loading=\"lazy\" decoding=\"async\" class=\"alignnone size-medium wp-image-8872\" src=\"https:\/\/www.pankebuch.de\/wp-content\/uploads\/2025\/03\/indiebook-232x300.jpg\" alt=\"\" width=\"232\" height=\"300\" srcset=\"https:\/\/www.pankebuch.de\/wp-content\/uploads\/2025\/03\/indiebook-232x300.jpg 232w, https:\/\/www.pankebuch.de\/wp-content\/uploads\/2025\/03\/indiebook-790x1024.jpg 790w, https:\/\/www.pankebuch.de\/wp-content\/uploads\/2025\/03\/indiebook-768x995.jpg 768w, https:\/\/www.pankebuch.de\/wp-content\/uploads\/2025\/03\/indiebook-1186x1536.jpg 1186w, https:\/\/www.pankebuch.de\/wp-content\/uploads\/2025\/03\/indiebook-1581x2048.jpg 1581w, https:\/\/www.pankebuch.de\/wp-content\/uploads\/2025\/03\/indiebook-624x808.jpg 624w, https:\/\/www.pankebuch.de\/wp-content\/uploads\/2025\/03\/indiebook-scaled.jpg 1976w\" sizes=\"(max-width: 232px) 100vw, 232px\" \/><\/a><\/p>\r\n<p><span style=\"color: #003366;\">Schon seit 2012 trifft sich der<strong> Pankebuch-Lesekreis<\/strong>. Am <strong>22. M\u00e4rz feiern wir ab 14 Uhr<\/strong> zusammen mit mit dem Lesekreis die <strong>norwegische Literatur aus unabh\u00e4ngigen Verlagen<\/strong>. Kommt und bringt <strong>euer Lieblingsbuch<\/strong> aus einem unabh\u00e4ngigen Verlag und feiert mit uns den<strong> Indiebookday.<\/strong><\/span><\/p>\r\n<p><span style=\"color: #003366;\">Hier schon eine Leseempfehlung unserer studentischen Praktikantin Jeanette &#8211; aktuell, norwegisch und aus dem unabh\u00e4ngigen Septime-Verlag:<\/span><\/p>\r\n<p><span style=\"color: #003366;\"><em>&#8222;Letzte z\u00e4rtliche Augenblicke<\/em> von Kjersti Anfinnsen, aus dem Norwegischen \u00fcbersetzt von Sabine Richter, reiht sich wie kein anderes Buch in die Kategorie <em>Never Judge a Book by its Cover<\/em> ein. W\u00e4hrend das Cover im Stile eines \u00d6lgem\u00e4ldes, mit dem Eiffelturm im Hintergrund, sowie der Titel selbst, die Essenz der Romantik versprechen &#8211; \u00fcberrascht der Roman im Inneren mit Humor und radikaler Ehrlichkeit. Unverbl\u00fcmt und authentisch zeigt uns die Autorin wie Birgitte Solheim im hohen Alter auf ihr Leben zur\u00fcckschaut und die Gegenwart aufrichtig widerspiegelt.&#8220;<\/span><\/p>\r\n<p><a href=\"http:\/\/www.septime-verlag.at\/Buecher\/buch_letzte_zaertliche_augenblicke.html\" target=\"_blank\" rel=\"noopener\">Septime Verlag<\/a><\/p>\r\n<div id=\"attachment_8861\" style=\"width: 310px\" class=\"wp-caption alignnone\"><a href=\"https:\/\/www.pankebuch.de\/wp-content\/uploads\/2025\/02\/anne-siegel-jacobia-dahm.jpg\"><img loading=\"lazy\" decoding=\"async\" aria-describedby=\"caption-attachment-8861\" class=\"size-medium wp-image-8861\" src=\"https:\/\/www.pankebuch.de\/wp-content\/uploads\/2025\/02\/anne-siegel-jacobia-dahm-300x300.jpg\" alt=\"\" width=\"300\" height=\"300\" srcset=\"https:\/\/www.pankebuch.de\/wp-content\/uploads\/2025\/02\/anne-siegel-jacobia-dahm-300x300.jpg 300w, https:\/\/www.pankebuch.de\/wp-content\/uploads\/2025\/02\/anne-siegel-jacobia-dahm-1024x1024.jpg 1024w, https:\/\/www.pankebuch.de\/wp-content\/uploads\/2025\/02\/anne-siegel-jacobia-dahm-150x150.jpg 150w, https:\/\/www.pankebuch.de\/wp-content\/uploads\/2025\/02\/anne-siegel-jacobia-dahm-768x768.jpg 768w, https:\/\/www.pankebuch.de\/wp-content\/uploads\/2025\/02\/anne-siegel-jacobia-dahm-1536x1536.jpg 1536w, https:\/\/www.pankebuch.de\/wp-content\/uploads\/2025\/02\/anne-siegel-jacobia-dahm-624x624.jpg 624w, https:\/\/www.pankebuch.de\/wp-content\/uploads\/2025\/02\/anne-siegel-jacobia-dahm.jpg 2048w\" sizes=\"(max-width: 300px) 100vw, 300px\" \/><\/a><p id=\"caption-attachment-8861\" class=\"wp-caption-text\">Foto: Jacobia Dahm<\/p><\/div>\r\n<p><span style=\"color: #003366;\"><strong><span style=\"font-family: Tahoma, sans-serif;\"><span style=\"font-size: medium;\">Freitag 25. April 19.30 &#8211; Gemeinsam mit der Autorin und Island-Kennerin Anne Siegel gehen wir der Frage \u201eWo Islands wilde Seele wohnt&#8220; (Malik Verlag) nach und reisen erneut auf diese Lieblingsinsel. Kommt mit!<\/span><\/span><\/strong><\/span><\/p>\r\n<p><span style=\"color: #003366;\"><strong><span style=\"font-family: Tahoma, sans-serif;\"><span style=\"font-size: medium;\">Caf\u00e9 Eden, Breite Str.43, Pankow, Karte 13 Euro \u00fcber <a style=\"color: #003366;\" href=\"mailto:info@pankebuch.de\">info@pankebuch.de<\/a><\/span><\/span><\/strong><\/span><\/p>\r\n<figure class=\"wp-block-gallery has-nested-images columns-default is-cropped\"><\/figure>\r\n<p><span style=\"color: #003366;\">\r\n\r\n<\/span><\/p>\r\n<div id=\"attachment_8699\" style=\"width: 210px\" class=\"wp-caption alignnone\"><a href=\"https:\/\/www.pankebuch.de\/wp-content\/uploads\/2024\/07\/wir2-scaled.jpg\"><img loading=\"lazy\" decoding=\"async\" aria-describedby=\"caption-attachment-8699\" class=\"size-medium wp-image-8699\" src=\"https:\/\/www.pankebuch.de\/wp-content\/uploads\/2024\/07\/wir2-200x300.jpg\" alt=\"\" width=\"200\" height=\"300\" srcset=\"https:\/\/www.pankebuch.de\/wp-content\/uploads\/2024\/07\/wir2-200x300.jpg 200w, https:\/\/www.pankebuch.de\/wp-content\/uploads\/2024\/07\/wir2-683x1024.jpg 683w, https:\/\/www.pankebuch.de\/wp-content\/uploads\/2024\/07\/wir2-768x1152.jpg 768w, https:\/\/www.pankebuch.de\/wp-content\/uploads\/2024\/07\/wir2-1024x1536.jpg 1024w, https:\/\/www.pankebuch.de\/wp-content\/uploads\/2024\/07\/wir2-1365x2048.jpg 1365w, https:\/\/www.pankebuch.de\/wp-content\/uploads\/2024\/07\/wir2-624x936.jpg 624w, https:\/\/www.pankebuch.de\/wp-content\/uploads\/2024\/07\/wir2-scaled.jpg 1707w\" sizes=\"(max-width: 200px) 100vw, 200px\" \/><\/a><p id=\"caption-attachment-8699\" class=\"wp-caption-text\">Foto: Marlene Gawrisch<\/p><\/div>\r\n<p><span style=\"color: #003366;\"><strong>In eigener Sache: nach mehr als 13 Jahren mit wunderbaren Begegnungen und Erfahrungen m\u00f6chten wir unser Pankebuch an j\u00fcngere Menschen mit Leidenschaft f\u00fcr die Literatur weitergeben. Sehr gut k\u00f6nnen wir uns auch ein Team, ein Kollektiv von Gleichgesinnten vorstellen. Wer ergreift diese Chance? Anfragen an pankebuch@posteo.de.<\/strong><\/span><\/p>\r\n<p><a href=\"https:\/\/www.pankebuch.de\/wp-content\/uploads\/2025\/03\/mopo-mette.webp\"><img loading=\"lazy\" decoding=\"async\" class=\"alignnone size-medium wp-image-8894\" src=\"https:\/\/www.pankebuch.de\/wp-content\/uploads\/2025\/03\/mopo-mette-300x169.webp\" alt=\"\" width=\"300\" height=\"169\" srcset=\"https:\/\/www.pankebuch.de\/wp-content\/uploads\/2025\/03\/mopo-mette-300x169.webp 300w, https:\/\/www.pankebuch.de\/wp-content\/uploads\/2025\/03\/mopo-mette-1024x576.webp 1024w, https:\/\/www.pankebuch.de\/wp-content\/uploads\/2025\/03\/mopo-mette-768x432.webp 768w, https:\/\/www.pankebuch.de\/wp-content\/uploads\/2025\/03\/mopo-mette-1536x864.webp 1536w, https:\/\/www.pankebuch.de\/wp-content\/uploads\/2025\/03\/mopo-mette-624x351.webp 624w, https:\/\/www.pankebuch.de\/wp-content\/uploads\/2025\/03\/mopo-mette.webp 1600w\" sizes=\"(max-width: 300px) 100vw, 300px\" \/><\/a><\/p>\r\n<h6><span style=\"color: #003366;\"><span class=\"w-full mb-3 block\">Kronprinz Haakon von Norwegen und Kronprinzessin Mette-Marit besuchten 2019 den Buchladen Pankebuch.<\/span>\u00a9 dpa | Jens Kalaene<\/span><\/h6>\r\n<p><strong><span style=\"color: #003366;\">Ein Artikel dazu erschien auch in der Berliner Morgenpost. Vielen Dank an Kiona &amp; f\u00fcrs Teilen!<\/span><\/strong><\/p>\r\n<ul>\r\n<li><span style=\"color: #003366; font-size: 1rem;\">Gegr\u00fcndet Oktober 2011 im Zentrum von Alt-Pankow, Berlin und seitdem fest verankert im Kiez und zugleich bundesweit bekannt<\/span><\/li>\r\n<li><span style=\"color: #003366;\">Alleinstellungsmerkmal Nordfokus &#8211; Literatur und Kultur der Nordischen L\u00e4nder und des Baltikums<\/span><\/li>\r\n<li><span style=\"color: #003366;\">zahlreiche Presseartikel und Beitr\u00e4ge in TV und H\u00f6rfunk, regional und \u00fcberregional<span style=\"font-family: Tahoma, sans-serif;\"><span style=\"font-size: medium;\"><br \/><\/span><\/span><\/span><\/li>\r\n<li><span style=\"color: #003366;\">seit 2013 Partnerbuchhandlung der Nordischen Botschaften, Kooperation mit dem Finnland Institut u.a.<\/span><\/li>\r\n<li><span style=\"color: #003366;\">starke Partner und Auftraggeber im Kiez (Bibliothek, Schulen, Stadtteilzentrum)<\/span><\/li>\r\n<li><span style=\"color: #003366;\">Buchhandlungspreis 2017 und 2018<\/span><\/li>\r\n<li><span style=\"color: #003366;\">j\u00e4hrlich ca. 10 Lesungen mit Autoren und weitere Veranstaltungen, eingef\u00fchrte Feste (Lindgren, Mumins, Lucia), 3 &#8211; 4 Ausstellungen im Jahr<\/span><\/li>\r\n<li><span style=\"color: #003366;\">monatlicher Lesekreis mit ca. 20 Teilehmerinnen und Teilnehmern seit \u00fcber 11 Jahren<\/span><\/li>\r\n<li><span style=\"color: #003366;\">aktive community auf facebook und instagram, \u00fcber 1.000 Abonnentinnen und Abonnenten des monatlichen Newsletters<\/span><\/li>\r\n<li><span style=\"color: #003366;\">50 qm Verkaufsf\u00e4che, \u00dcbernahme Mietvertrag gesichert<\/span><\/li>\r\n<li><span style=\"color: #003366;\">Wunschtermin f\u00fcr die \u00dcbergabe: September 2025<\/span><\/li>\r\n<\/ul>\r\n<p class=\"has-blue-color has-text-color\"><span style=\"color: #003366;\"><em><strong>Mit herzlichen Gr\u00fc\u00dfen<br \/><\/strong><\/em><\/span><\/p>\r\n<p><span style=\"color: #003366;\"><em>\r\n\r\n<\/em><\/span><\/p>\r\n<p class=\"has-blue-color has-text-color\"><span style=\"color: #003366;\"><em><strong>Eure <\/strong><strong>Petra Wenzel und Katrin Mirtschink<\/strong><\/em><\/span><\/p>\r\n\r\n<p>&nbsp;<\/p>\r\n\r\n<p>&nbsp;<\/p>\r\n\r\n<p>&nbsp;<\/p>\r\n\r\n<p>&nbsp;<\/p>\r\n\r\n<p>&nbsp;<\/p>\r\n\r\n<p>&nbsp;<\/p>\r\n\r\n<p>&nbsp;<\/p>\r\n\r\n<p>&nbsp;<\/p>\r\n","protected":false},"excerpt":{"rendered":"<p>Lasst euch einladen zum Oster- und Fr\u00fchlingsspaziergang Tag f\u00fcr Tag oder zu einem Wochenendbummel auf dem Weg in den sch\u00f6nen Pankower B\u00fcrgerpark mit Halt im Caf\u00e9 St\u00fcck vom Gl\u00fcck gleich nebenan. Eure Buchw\u00fcnsche erf\u00fcllen wir immer gerne via info@pankebuch.de oder hier www.genialokal.de\/buchhandlung\/berlin-pankow\/pankebuch\/ 2025 ist ein besonderes Jahr f\u00fcr die norwegische Literatur. Unter dem Motto &#8222;Traum [&hellip;]<\/p>\n","protected":false},"author":1,"featured_media":0,"comment_status":"closed","ping_status":"open","sticky":false,"template":"","format":"image","meta":{"footnotes":""},"categories":[1],"tags":[],"_links":{"self":[{"href":"https:\/\/www.pankebuch.de\/index.php?rest_route=\/wp\/v2\/posts\/8866"}],"collection":[{"href":"https:\/\/www.pankebuch.de\/index.php?rest_route=\/wp\/v2\/posts"}],"about":[{"href":"https:\/\/www.pankebuch.de\/index.php?rest_route=\/wp\/v2\/types\/post"}],"author":[{"embeddable":true,"href":"https:\/\/www.pankebuch.de\/index.php?rest_route=\/wp\/v2\/users\/1"}],"replies":[{"embeddable":true,"href":"https:\/\/www.pankebuch.de\/index.php?rest_route=%2Fwp%2Fv2%2Fcomments&post=8866"}],"version-history":[{"count":22,"href":"https:\/\/www.pankebuch.de\/index.php?rest_route=\/wp\/v2\/posts\/8866\/revisions"}],"predecessor-version":[{"id":8893,"href":"https:\/\/www.pankebuch.de\/index.php?rest_route=\/wp\/v2\/posts\/8866\/revisions\/8893"}],"wp:attachment":[{"href":"https:\/\/www.pankebuch.de\/index.php?rest_route=%2Fwp%2Fv2%2Fmedia&parent=8866"}],"wp:term":[{"taxonomy":"category","embeddable":true,"href":"https:\/\/www.pankebuch.de\/index.php?rest_route=%2Fwp%2Fv2%2Fcategories&post=8866"},{"taxonomy":"post_tag","embeddable":true,"href":"https:\/\/www.pankebuch.de\/index.php?rest_route=%2Fwp%2Fv2%2Ftags&post=8866"}],"curies":[{"name":"wp","href":"https:\/\/api.w.org\/{rel}","templated":true}]}}