{"id":8815,"date":"2025-01-07T18:03:51","date_gmt":"2025-01-07T17:03:51","guid":{"rendered":"https:\/\/www.pankebuch.de\/?p=8815"},"modified":"2025-01-31T14:53:54","modified_gmt":"2025-01-31T13:53:54","slug":"einen-guten-tag-im-jungen-jahr","status":"publish","type":"post","link":"https:\/\/www.pankebuch.de\/?p=8815","title":{"rendered":"Einen guten Tag im jungen Jahr&#8230;"},"content":{"rendered":"\r\n<p><a href=\"https:\/\/www.pankebuch.de\/wp-content\/uploads\/2024\/12\/no-leipzig.png\"><img loading=\"lazy\" decoding=\"async\" class=\"alignnone size-medium wp-image-8824\" src=\"https:\/\/www.pankebuch.de\/wp-content\/uploads\/2024\/12\/no-leipzig-300x85.png\" alt=\"\" width=\"300\" height=\"85\" srcset=\"https:\/\/www.pankebuch.de\/wp-content\/uploads\/2024\/12\/no-leipzig-300x85.png 300w, https:\/\/www.pankebuch.de\/wp-content\/uploads\/2024\/12\/no-leipzig-1024x289.png 1024w, https:\/\/www.pankebuch.de\/wp-content\/uploads\/2024\/12\/no-leipzig-768x217.png 768w, https:\/\/www.pankebuch.de\/wp-content\/uploads\/2024\/12\/no-leipzig-624x176.png 624w, https:\/\/www.pankebuch.de\/wp-content\/uploads\/2024\/12\/no-leipzig.png 1239w\" sizes=\"(max-width: 300px) 100vw, 300px\" \/><\/a><\/p>\r\n<p><span style=\"color: #003366;\">wir w\u00fcnschen euch gute Gesundheit und viel Freude &#8211; nat\u00fcrlich auch mit B\u00fcchern!<\/span><\/p>\r\n<p><span style=\"color: #003366;\">Nach wie vor bestellen wir nach euren W\u00fcnschen. Sendet diese bitte direkt an info@pankebuch.de oder bestellt hier <a style=\"color: #003366;\" href=\"https:\/\/www.genialokal.de\/buchhandlung\/berlin-pankow\/pankebuch\/\" target=\"_blank\" rel=\"noreferrer noopener\">www.genialokal.de\/buchhandlung\/berlin-pankow\/pankebuch\/<\/a><\/span><\/p>\r\n<p><span style=\"color: #ff0000;\">NEUES im BUCHMARKT vom 31. Januar 2025<\/span><\/p>\r\n<p><span style=\"color: #ff0000;\"> <a href=\"https:\/\/buchmarkt.de\/pankebuch-310125\/\">Buchhandlung Pankebuch in Berlin sucht Nachfolger:innen \u2013 BuchMarkt<\/a><\/span><\/p>\r\n<p>&nbsp;<\/p>\r\n<p><span style=\"color: #003366;\"><strong>2025 wird ein besonderes Jahr f\u00fcr die norwegische Literatur. Unter dem Motto: Traum im Fr\u00fchling pr\u00e4sentiert sich das Land mit allen literarischen Facetten auf der Leipziger Buchmesse vom 27. bis 30. M\u00e4rz.<\/strong><\/span><\/p>\r\n<p><a href=\"https:\/\/www.pankebuch.de\/wp-content\/uploads\/2024\/12\/no-autoren.webp\"><img loading=\"lazy\" decoding=\"async\" class=\"alignnone size-medium wp-image-8817\" src=\"https:\/\/www.pankebuch.de\/wp-content\/uploads\/2024\/12\/no-autoren-300x171.webp\" alt=\"\" width=\"300\" height=\"171\" srcset=\"https:\/\/www.pankebuch.de\/wp-content\/uploads\/2024\/12\/no-autoren-300x171.webp 300w, https:\/\/www.pankebuch.de\/wp-content\/uploads\/2024\/12\/no-autoren-1024x583.webp 1024w, https:\/\/www.pankebuch.de\/wp-content\/uploads\/2024\/12\/no-autoren-768x437.webp 768w, https:\/\/www.pankebuch.de\/wp-content\/uploads\/2024\/12\/no-autoren-1536x874.webp 1536w, https:\/\/www.pankebuch.de\/wp-content\/uploads\/2024\/12\/no-autoren-2048x1165.webp 2048w, https:\/\/www.pankebuch.de\/wp-content\/uploads\/2024\/12\/no-autoren-624x355.webp 624w\" sizes=\"(max-width: 300px) 100vw, 300px\" \/><\/a><\/p>\r\n<p><span style=\"color: #003366;\">Schon seit 2012 trifft sich bei uns der<strong> Lesekreis<\/strong>. In den kommenden G<\/span><span style=\"color: #003366;\">espr\u00e4chsrunden\u00a0 stimmen wir uns auf den norwegischen Fr\u00fchling ein.<\/span><\/p>\r\n<p><span style=\"color: #003366;\">https:\/\/www.leipziger-buchmesse.de\/de\/erleben\/international\/gastland-2025-norwegen\/<\/span><\/p>\r\n<p><a href=\"https:\/\/www.pankebuch.de\/wp-content\/uploads\/2025\/01\/tiller-cfhalt-251867-jpg.webp\"><img loading=\"lazy\" decoding=\"async\" class=\"alignnone size-medium wp-image-8834\" src=\"https:\/\/www.pankebuch.de\/wp-content\/uploads\/2025\/01\/tiller-cfhalt-251867-jpg-197x300.webp\" alt=\"\" width=\"197\" height=\"300\" srcset=\"https:\/\/www.pankebuch.de\/wp-content\/uploads\/2025\/01\/tiller-cfhalt-251867-jpg-197x300.webp 197w, https:\/\/www.pankebuch.de\/wp-content\/uploads\/2025\/01\/tiller-cfhalt-251867-jpg.webp 280w\" sizes=\"(max-width: 197px) 100vw, 197px\" \/><\/a><\/p>\r\n<p><span style=\"color: #003366;\"><em>&#8222;Ein ganz frischer und tiefer Leseeindruck ist f\u00fcr mich der neue Roman &#8222;Halt&#8220; von Carl Frode Tiller. Es geht um\u00a0 Familie, Trauer, Vers\u00f6hnung und die Rolle, die klassische Musik dabei spielen kann. Mit gro\u00dfem Einf\u00fchlungsverm\u00f6gen und in ungew\u00f6hnlicher Form n\u00e4hert sich der Autor diesen gro\u00dfen Themen.&#8220; Katrin<\/em><\/span><\/p>\r\n<p><span style=\"color: #003366;\">Herzlich willkommen zu unserer ersten Veranstaltung 2025:<\/span><\/p>\r\n<p><a href=\"https:\/\/www.pankebuch.de\/wp-content\/uploads\/2025\/01\/Meine-Reise-durchs-Land-der-Riesen-Front-Cover.png\"><img loading=\"lazy\" decoding=\"async\" class=\"alignnone size-medium wp-image-8833\" src=\"https:\/\/www.pankebuch.de\/wp-content\/uploads\/2025\/01\/Meine-Reise-durchs-Land-der-Riesen-Front-Cover-194x300.png\" alt=\"\" width=\"194\" height=\"300\" srcset=\"https:\/\/www.pankebuch.de\/wp-content\/uploads\/2025\/01\/Meine-Reise-durchs-Land-der-Riesen-Front-Cover-194x300.png 194w, https:\/\/www.pankebuch.de\/wp-content\/uploads\/2025\/01\/Meine-Reise-durchs-Land-der-Riesen-Front-Cover-661x1024.png 661w, https:\/\/www.pankebuch.de\/wp-content\/uploads\/2025\/01\/Meine-Reise-durchs-Land-der-Riesen-Front-Cover-768x1190.png 768w, https:\/\/www.pankebuch.de\/wp-content\/uploads\/2025\/01\/Meine-Reise-durchs-Land-der-Riesen-Front-Cover-991x1536.png 991w, https:\/\/www.pankebuch.de\/wp-content\/uploads\/2025\/01\/Meine-Reise-durchs-Land-der-Riesen-Front-Cover-1322x2048.png 1322w, https:\/\/www.pankebuch.de\/wp-content\/uploads\/2025\/01\/Meine-Reise-durchs-Land-der-Riesen-Front-Cover-624x967.png 624w\" sizes=\"(max-width: 194px) 100vw, 194px\" \/><\/a><\/p>\r\n<p><span style=\"color: #003366;\"><strong>Freitag, 28. Februar, 19.30 Uhr<\/strong><\/span><\/p>\r\n<p><span style=\"color: #003366;\"><strong>Sara Torm\u00f6hlen <\/strong>f\u00fchrt mit ihrem Buch<strong> &#8222;Meine Reise durchs Land der Riesen&#8220;<\/strong> nach Norwegen, zu faszinierenden Menschen und in gro\u00dfartige Landschaften. Begleiten Sie die Autorin ein St\u00fcck auf dem Olavsweg und in einen Sommer, der von Hitze, Herausforderungen und bewegenden Begegnungen gepr\u00e4gt ist.<\/span><\/p>\r\n<p><span style=\"color: #003366;\">Im Caf\u00e9 Eden, Breite Str. 43 , Pankow, Eintritt: 12 \u20ac, Anmeldung bitte via info@pankebuch.de<\/span><\/p>\r\n<div dir=\"auto\">\u00a0<\/div>\r\n<p><strong><span style=\"color: #003366;\">Bei diesen Lesungen findet ihr uns mit den B\u00fcchertischen:<\/span><\/strong><\/p>\r\n<p><a href=\"https:\/\/www.pankebuch.de\/wp-content\/uploads\/2024\/12\/vh.jpeg\"><img loading=\"lazy\" decoding=\"async\" class=\"alignnone size-medium wp-image-8821\" src=\"https:\/\/www.pankebuch.de\/wp-content\/uploads\/2024\/12\/vh-185x300.jpeg\" alt=\"\" width=\"185\" height=\"300\" srcset=\"https:\/\/www.pankebuch.de\/wp-content\/uploads\/2024\/12\/vh-185x300.jpeg 185w, https:\/\/www.pankebuch.de\/wp-content\/uploads\/2024\/12\/vh.jpeg 400w\" sizes=\"(max-width: 185px) 100vw, 185px\" \/><\/a><a href=\"https:\/\/www.pankebuch.de\/wp-content\/uploads\/2024\/12\/s.st_.jpeg\"><img loading=\"lazy\" decoding=\"async\" class=\"alignnone size-medium wp-image-8822\" src=\"https:\/\/www.pankebuch.de\/wp-content\/uploads\/2024\/12\/s.st_-189x300.jpeg\" alt=\"\" width=\"189\" height=\"300\" srcset=\"https:\/\/www.pankebuch.de\/wp-content\/uploads\/2024\/12\/s.st_-189x300.jpeg 189w, https:\/\/www.pankebuch.de\/wp-content\/uploads\/2024\/12\/s.st_.jpeg 408w\" sizes=\"(max-width: 189px) 100vw, 189px\" \/><\/a><\/p>\r\n<p><span style=\"color: #003366;\"><strong>Montag 20. Januar, 19.00 Uhr im Felleshus der Nordischen Botschaften. <\/strong><\/span><\/p>\r\n<p><span style=\"color: #003366;\"><strong>Ein Gespr\u00e4ch mit Vigdis Hjorth und Simon Stranger aus Norwegen, Moderation Thomas B\u00f6hm<\/strong><\/span><\/p>\r\n<p><a href=\"https:\/\/www.nordischebotschaften.org\/veranstaltungen\/auf-dem-weg-nach-leipzig-vigdis-hjorth-und-simon-stranger\">Auf dem Weg nach Leipzig: Vigdis Hjorth und Simon Stranger | Nordische Botschaften<\/a><\/p>\r\n<p>&nbsp;<\/p>\r\n<p><a href=\"https:\/\/www.pankebuch.de\/wp-content\/uploads\/2024\/12\/fin25jkb.jpg\"><img loading=\"lazy\" decoding=\"async\" class=\"alignnone size-medium wp-image-8823\" src=\"https:\/\/www.pankebuch.de\/wp-content\/uploads\/2024\/12\/fin25jkb-261x300.jpg\" alt=\"\" width=\"261\" height=\"300\" srcset=\"https:\/\/www.pankebuch.de\/wp-content\/uploads\/2024\/12\/fin25jkb-261x300.jpg 261w, https:\/\/www.pankebuch.de\/wp-content\/uploads\/2024\/12\/fin25jkb-891x1024.jpg 891w, https:\/\/www.pankebuch.de\/wp-content\/uploads\/2024\/12\/fin25jkb-768x883.jpg 768w, https:\/\/www.pankebuch.de\/wp-content\/uploads\/2024\/12\/fin25jkb-1336x1536.jpg 1336w, https:\/\/www.pankebuch.de\/wp-content\/uploads\/2024\/12\/fin25jkb-1781x2048.jpg 1781w, https:\/\/www.pankebuch.de\/wp-content\/uploads\/2024\/12\/fin25jkb-624x718.jpg 624w\" sizes=\"(max-width: 261px) 100vw, 261px\" \/><\/a><\/p>\r\n<p><span style=\"color: #003366;\"><strong>Samstag 25. Januar, 16 Uhr &#8211; <\/strong><\/span><span style=\"color: #003366;\"><strong>Janusz-Korczak-Bibliothek, Breite Str. 120,<\/strong><\/span><span style=\"color: #003366;\"><strong> Pankow<\/strong><\/span><\/p>\r\n<p><span style=\"color: #003366;\"><strong>Der finnische Autor Arttu Tuominen liest aus seinem neuesten Kriminalroman &#8222;Was wir ihnen antun&#8220;<\/strong> (Teil 4 der River-Delta-Reihe, L\u00fcbbe Verlag). Eine Lesung in Kooperation mit FILI Finnish Literature Exchange, Finnland Institut und DFG Deutsch-Finnische Gesellschaft e.V.<\/span><\/p>\r\n<p><span style=\"color: #003366;\">Moderation und \u00dcbersetzung: Anke Michler-Janhunen<\/span><\/p>\r\n<p>&nbsp;<\/p>\r\n<p>&nbsp;<\/p>\r\n<div id=\"attachment_8721\" style=\"width: 310px\" class=\"wp-caption alignnone\"><a href=\"https:\/\/www.pankebuch.de\/wp-content\/uploads\/2024\/07\/johanna-weberin.jpg\"><img loading=\"lazy\" decoding=\"async\" aria-describedby=\"caption-attachment-8721\" class=\"size-medium wp-image-8721\" src=\"https:\/\/www.pankebuch.de\/wp-content\/uploads\/2024\/07\/johanna-weberin-300x300.jpg\" alt=\"\" width=\"300\" height=\"300\" srcset=\"https:\/\/www.pankebuch.de\/wp-content\/uploads\/2024\/07\/johanna-weberin-300x300.jpg 300w, https:\/\/www.pankebuch.de\/wp-content\/uploads\/2024\/07\/johanna-weberin-1024x1024.jpg 1024w, https:\/\/www.pankebuch.de\/wp-content\/uploads\/2024\/07\/johanna-weberin-150x150.jpg 150w, https:\/\/www.pankebuch.de\/wp-content\/uploads\/2024\/07\/johanna-weberin-768x768.jpg 768w, https:\/\/www.pankebuch.de\/wp-content\/uploads\/2024\/07\/johanna-weberin-1536x1536.jpg 1536w, https:\/\/www.pankebuch.de\/wp-content\/uploads\/2024\/07\/johanna-weberin-624x624.jpg 624w, https:\/\/www.pankebuch.de\/wp-content\/uploads\/2024\/07\/johanna-weberin.jpg 2048w\" sizes=\"(max-width: 300px) 100vw, 300px\" \/><\/a><p id=\"caption-attachment-8721\" class=\"wp-caption-text\"><span style=\"color: #000080; font-size: 1rem;\">Foto: privat<\/span><\/p><\/div>\r\n<p><span style=\"color: #003366;\"><strong>Die aktuelle Verkaufsausstellung bis Februar: <\/strong><\/span><span style=\"color: #003366;\"><strong>Musikweberei<\/strong> von\u00a0 <strong>Johanna Mae\u00df<\/strong>, die sich autodidaktisch mit <strong>Weberei<\/strong> besch\u00e4ftigt. Sie \u00fcbersetzt Melodien aus<strong> Island<\/strong> in textile Kunst. Dabei verwendet sie isl\u00e4ndische Garne.\u00a0<\/span><\/p>\r\n<p>&nbsp;<\/p>\r\n<p><span style=\"color: #003366;\"><strong>Der Kulturpass = 100 \u20ac Kulturbudget f\u00fcr alle 18 j\u00e4hrigen. Einzul\u00f6sen auch f\u00fcr B\u00fccher bei uns.<\/strong><\/span><\/p>\r\n<p><span style=\"color: #333399;\"><a style=\"color: #333399;\" href=\"https:\/\/www.pankebuch.de\/wp-content\/uploads\/2023\/06\/Kopie-von-XL-Banner.-KulturPass.jpg\"><img loading=\"lazy\" decoding=\"async\" class=\"alignnone  wp-image-8204\" src=\"https:\/\/www.pankebuch.de\/wp-content\/uploads\/2023\/06\/Kopie-von-XL-Banner.-KulturPass-300x80.jpg\" alt=\"\" width=\"439\" height=\"117\" srcset=\"https:\/\/www.pankebuch.de\/wp-content\/uploads\/2023\/06\/Kopie-von-XL-Banner.-KulturPass-300x80.jpg 300w, https:\/\/www.pankebuch.de\/wp-content\/uploads\/2023\/06\/Kopie-von-XL-Banner.-KulturPass-1024x273.jpg 1024w, https:\/\/www.pankebuch.de\/wp-content\/uploads\/2023\/06\/Kopie-von-XL-Banner.-KulturPass-768x205.jpg 768w, https:\/\/www.pankebuch.de\/wp-content\/uploads\/2023\/06\/Kopie-von-XL-Banner.-KulturPass-624x166.jpg 624w, https:\/\/www.pankebuch.de\/wp-content\/uploads\/2023\/06\/Kopie-von-XL-Banner.-KulturPass.jpg 1500w\" sizes=\"(max-width: 439px) 100vw, 439px\" \/><\/a><\/span><\/p>\r\n<p><span style=\"color: #333399;\"><a style=\"color: #333399;\" href=\"https:\/\/www.kulturpass.de\/ueber-den-kulturpass\" target=\"_blank\" rel=\"noopener\"><span style=\"color: #003366;\">\u00dcber den Kulturpass<\/span><\/a><\/span><\/p>\r\n<p><span style=\"color: #003366;\">Auch bei uns zu bekommen und einzul\u00f6sen: die <strong>B card, Berlins beliebtester Geschenkgutschein<\/strong>\u00a0https: <a style=\"color: #003366;\" href=\"https:\/\/das-b-card.de\/\" target=\"_blank\" rel=\"noopener\">\/\/das-b-card.de\/<\/a><\/span><\/p>\r\n<p>&nbsp;<\/p>\r\n<p><span style=\"color: #003366;\"><strong>In eigener Sache: nach mehr als 13 Jahren mit wunderbaren Begegnungen und Erfahrungen m\u00f6chten wir unser Pankebuch an j\u00fcngere Menschen mit Leidenschaft f\u00fcr die Literatur weitergeben. Sehr gut k\u00f6nnen wir uns auch ein Team, ein Kollektiv von Gleichgesinnten vorstellen. Wer ergreift diese Chance? Sprecht uns an!\u00a0<\/strong><\/span><\/p>\r\n<p>&nbsp;<\/p>\r\n<figure class=\"wp-block-gallery has-nested-images columns-default is-cropped\">\r\n<div id=\"attachment_8610\" style=\"width: 210px\" class=\"wp-caption alignnone\"><a style=\"color: #333399;\" href=\"https:\/\/www.pankebuch.de\/wp-content\/uploads\/2024\/04\/Fotos-April-2024-wir-scaled.jpg\"><img loading=\"lazy\" decoding=\"async\" aria-describedby=\"caption-attachment-8610\" class=\"size-medium wp-image-8610\" src=\"https:\/\/www.pankebuch.de\/wp-content\/uploads\/2024\/04\/Fotos-April-2024-wir-200x300.jpg\" alt=\"\" width=\"200\" height=\"300\" srcset=\"https:\/\/www.pankebuch.de\/wp-content\/uploads\/2024\/04\/Fotos-April-2024-wir-200x300.jpg 200w, https:\/\/www.pankebuch.de\/wp-content\/uploads\/2024\/04\/Fotos-April-2024-wir-683x1024.jpg 683w, https:\/\/www.pankebuch.de\/wp-content\/uploads\/2024\/04\/Fotos-April-2024-wir-768x1152.jpg 768w, https:\/\/www.pankebuch.de\/wp-content\/uploads\/2024\/04\/Fotos-April-2024-wir-1024x1536.jpg 1024w, https:\/\/www.pankebuch.de\/wp-content\/uploads\/2024\/04\/Fotos-April-2024-wir-1365x2048.jpg 1365w, https:\/\/www.pankebuch.de\/wp-content\/uploads\/2024\/04\/Fotos-April-2024-wir-624x936.jpg 624w, https:\/\/www.pankebuch.de\/wp-content\/uploads\/2024\/04\/Fotos-April-2024-wir-scaled.jpg 1707w\" sizes=\"(max-width: 200px) 100vw, 200px\" \/><\/a><p id=\"caption-attachment-8610\" class=\"wp-caption-text\"><span style=\"color: #333399;\"><em>Foto: Marlene Gawrisch<\/em><\/span><\/p><\/div>\r\n<\/figure>\r\n<p><span style=\"color: #333399;\">\r\n\r\n<\/span><\/p>\r\n<p class=\"has-blue-color has-text-color\"><span style=\"color: #003366;\"><em><strong>Mit herzlichen Gr\u00fc\u00dfen<br \/><\/strong><\/em><\/span><\/p>\r\n<p><span style=\"color: #003366;\"><em>\r\n\r\n<\/em><\/span><\/p>\r\n<p class=\"has-blue-color has-text-color\"><span style=\"color: #003366;\"><em><strong>Eure <\/strong><strong>Petra Wenzel und Katrin Mirtschink<\/strong><\/em><\/span><\/p>\r\n\r\n\r\n\r\n\r\n\r\n\r\n\r\n\r\n\r\n\r\n\r\n\r\n\r\n\r\n\r\n\r\n","protected":false},"excerpt":{"rendered":"<p>wir w\u00fcnschen euch gute Gesundheit und viel Freude &#8211; nat\u00fcrlich auch mit B\u00fcchern! Nach wie vor bestellen wir nach euren W\u00fcnschen. Sendet diese bitte direkt an info@pankebuch.de oder bestellt hier www.genialokal.de\/buchhandlung\/berlin-pankow\/pankebuch\/ NEUES im BUCHMARKT vom 31. Januar 2025 Buchhandlung Pankebuch in Berlin sucht Nachfolger:innen \u2013 BuchMarkt &nbsp; 2025 wird ein besonderes Jahr f\u00fcr die norwegische [&hellip;]<\/p>\n","protected":false},"author":1,"featured_media":0,"comment_status":"closed","ping_status":"open","sticky":false,"template":"","format":"image","meta":{"footnotes":""},"categories":[1],"tags":[],"_links":{"self":[{"href":"https:\/\/www.pankebuch.de\/index.php?rest_route=\/wp\/v2\/posts\/8815"}],"collection":[{"href":"https:\/\/www.pankebuch.de\/index.php?rest_route=\/wp\/v2\/posts"}],"about":[{"href":"https:\/\/www.pankebuch.de\/index.php?rest_route=\/wp\/v2\/types\/post"}],"author":[{"embeddable":true,"href":"https:\/\/www.pankebuch.de\/index.php?rest_route=\/wp\/v2\/users\/1"}],"replies":[{"embeddable":true,"href":"https:\/\/www.pankebuch.de\/index.php?rest_route=%2Fwp%2Fv2%2Fcomments&post=8815"}],"version-history":[{"count":14,"href":"https:\/\/www.pankebuch.de\/index.php?rest_route=\/wp\/v2\/posts\/8815\/revisions"}],"predecessor-version":[{"id":8845,"href":"https:\/\/www.pankebuch.de\/index.php?rest_route=\/wp\/v2\/posts\/8815\/revisions\/8845"}],"wp:attachment":[{"href":"https:\/\/www.pankebuch.de\/index.php?rest_route=%2Fwp%2Fv2%2Fmedia&parent=8815"}],"wp:term":[{"taxonomy":"category","embeddable":true,"href":"https:\/\/www.pankebuch.de\/index.php?rest_route=%2Fwp%2Fv2%2Fcategories&post=8815"},{"taxonomy":"post_tag","embeddable":true,"href":"https:\/\/www.pankebuch.de\/index.php?rest_route=%2Fwp%2Fv2%2Ftags&post=8815"}],"curies":[{"name":"wp","href":"https:\/\/api.w.org\/{rel}","templated":true}]}}