{"id":8682,"date":"2024-08-23T15:49:45","date_gmt":"2024-08-23T14:49:45","guid":{"rendered":"https:\/\/www.pankebuch.de\/?p=8682"},"modified":"2024-10-03T06:08:30","modified_gmt":"2024-10-03T05:08:30","slug":"in-den-spaetsommer","status":"publish","type":"post","link":"https:\/\/www.pankebuch.de\/?p=8682","title":{"rendered":"In den Sp\u00e4tsommer&#8230;"},"content":{"rendered":"\r\n<p><span style=\"color: #333399;\">In den Sp\u00e4tsommer geht dieser pr\u00e4chtige Sommer \u00fcber und wir freuen uns auf eure Urlaubserlebnisse, Eindr\u00fccke und literarischen Entdeckungen. Unsere Tische und Regale sind wie immer reich gef\u00fcllt, unter anderem mit den f\u00fcr den Deutschen Buchpreis 2024 nominierten Titeln. <\/span><\/p>\r\n<p><a href=\"https:\/\/www.deutscher-buchpreis.de\/\" target=\"_blank\" rel=\"noopener\">Deutscher Buchpreis<\/a><\/p>\r\n<p><span style=\"color: #333399;\">Und wie immer gilt:\u00a0 wir k\u00fcmmern uns gerne um die Beschaffung eurer <strong>Schul, Studien- und Fachb\u00fccher<\/strong> oder suchen nach vergriffenen Titeln. Und empfehlen sehr gerne<strong> B\u00fccher zum Verschenken<\/strong> an euch und eure Liebsten. Auch die ersten<strong> Kalender f\u00fcr 2025<\/strong> k\u00f6nnt ihr schon bestaunen und erwerben. Sehr begehrt im letzten Jahr und wieder ausgesprochen sch\u00f6n: der <strong>Ostseekalender<\/strong> <strong>von Kat Menschik<\/strong>. Hier seht ihr eine Auswahl weiterer Begleiter f\u00fcr das kommende Jahr:<\/span><\/p>\r\n<p><a href=\"https:\/\/www.pankebuch.de\/wp-content\/uploads\/2024\/07\/ostseekalender-scaled.jpg\"><img loading=\"lazy\" decoding=\"async\" class=\"alignnone size-medium wp-image-8668\" src=\"https:\/\/www.pankebuch.de\/wp-content\/uploads\/2024\/07\/ostseekalender-213x300.jpg\" alt=\"\" width=\"213\" height=\"300\" srcset=\"https:\/\/www.pankebuch.de\/wp-content\/uploads\/2024\/07\/ostseekalender-213x300.jpg 213w, https:\/\/www.pankebuch.de\/wp-content\/uploads\/2024\/07\/ostseekalender-725x1024.jpg 725w, https:\/\/www.pankebuch.de\/wp-content\/uploads\/2024\/07\/ostseekalender-768x1084.jpg 768w, https:\/\/www.pankebuch.de\/wp-content\/uploads\/2024\/07\/ostseekalender-1088x1536.jpg 1088w, https:\/\/www.pankebuch.de\/wp-content\/uploads\/2024\/07\/ostseekalender-1451x2048.jpg 1451w, https:\/\/www.pankebuch.de\/wp-content\/uploads\/2024\/07\/ostseekalender-624x881.jpg 624w, https:\/\/www.pankebuch.de\/wp-content\/uploads\/2024\/07\/ostseekalender-scaled.jpg 1813w\" sizes=\"(max-width: 213px) 100vw, 213px\" \/><\/a><a href=\"https:\/\/www.pankebuch.de\/wp-content\/uploads\/2024\/07\/kalender25-scaled.jpg\"><img loading=\"lazy\" decoding=\"async\" class=\"alignnone size-medium wp-image-8720\" src=\"https:\/\/www.pankebuch.de\/wp-content\/uploads\/2024\/07\/kalender25-244x300.jpg\" alt=\"\" width=\"244\" height=\"300\" srcset=\"https:\/\/www.pankebuch.de\/wp-content\/uploads\/2024\/07\/kalender25-244x300.jpg 244w, https:\/\/www.pankebuch.de\/wp-content\/uploads\/2024\/07\/kalender25-834x1024.jpg 834w, https:\/\/www.pankebuch.de\/wp-content\/uploads\/2024\/07\/kalender25-768x943.jpg 768w, https:\/\/www.pankebuch.de\/wp-content\/uploads\/2024\/07\/kalender25-1251x1536.jpg 1251w, https:\/\/www.pankebuch.de\/wp-content\/uploads\/2024\/07\/kalender25-1668x2048.jpg 1668w, https:\/\/www.pankebuch.de\/wp-content\/uploads\/2024\/07\/kalender25-624x766.jpg 624w\" sizes=\"(max-width: 244px) 100vw, 244px\" \/><\/a><\/p>\r\n<p><span style=\"color: #333399;\"> Bestellungen bitte direkt an info@pankebuch.de oder hier <a style=\"color: #333399;\" href=\"https:\/\/www.genialokal.de\/buchhandlung\/berlin-pankow\/pankebuch\/\" target=\"_blank\" rel=\"noreferrer noopener\">www.genialokal.de\/buchhandlung\/berlin-pankow\/pankebuch\/<\/a><\/span><\/p>\r\n<p><strong><span style=\"color: #333399;\">Unsere Empfehlungen aus der Kinderbuchwand!<\/span><\/strong><\/p>\r\n<p><a href=\"https:\/\/www.pankebuch.de\/wp-content\/uploads\/2024\/07\/laden2-scaled.jpg\"><img loading=\"lazy\" decoding=\"async\" class=\"alignnone size-medium wp-image-8678\" src=\"https:\/\/www.pankebuch.de\/wp-content\/uploads\/2024\/07\/laden2-300x178.jpg\" alt=\"\" width=\"300\" height=\"178\" srcset=\"https:\/\/www.pankebuch.de\/wp-content\/uploads\/2024\/07\/laden2-300x178.jpg 300w, https:\/\/www.pankebuch.de\/wp-content\/uploads\/2024\/07\/laden2-1024x609.jpg 1024w, https:\/\/www.pankebuch.de\/wp-content\/uploads\/2024\/07\/laden2-768x456.jpg 768w, https:\/\/www.pankebuch.de\/wp-content\/uploads\/2024\/07\/laden2-1536x913.jpg 1536w, https:\/\/www.pankebuch.de\/wp-content\/uploads\/2024\/07\/laden2-2048x1217.jpg 2048w, https:\/\/www.pankebuch.de\/wp-content\/uploads\/2024\/07\/laden2-624x371.jpg 624w\" sizes=\"(max-width: 300px) 100vw, 300px\" \/><\/a><\/p>\r\n<ul>\r\n<li><span style=\"color: #000080;\">110. Geburtstag von Tove Jansson, Sch\u00f6pferin der Mumins<\/span><\/li>\r\n<li><span style=\"color: #000080;\">40 Jahre Pettersson und Findus<\/span><\/li>\r\n<li><span style=\"color: #000080;\">Start f\u00fcr Schule und Kita<\/span><\/li>\r\n<li><span style=\"color: #000080;\">Sommerausklang<\/span><\/li>\r\n<\/ul>\r\n<p><a href=\"https:\/\/www.pankebuch.de\/wp-content\/uploads\/2024\/07\/laden1-scaled.jpg\"><img loading=\"lazy\" decoding=\"async\" class=\"alignnone size-medium wp-image-8677\" src=\"https:\/\/www.pankebuch.de\/wp-content\/uploads\/2024\/07\/laden1-300x253.jpg\" alt=\"\" width=\"300\" height=\"253\" srcset=\"https:\/\/www.pankebuch.de\/wp-content\/uploads\/2024\/07\/laden1-300x253.jpg 300w, https:\/\/www.pankebuch.de\/wp-content\/uploads\/2024\/07\/laden1-1024x862.jpg 1024w, https:\/\/www.pankebuch.de\/wp-content\/uploads\/2024\/07\/laden1-768x647.jpg 768w, https:\/\/www.pankebuch.de\/wp-content\/uploads\/2024\/07\/laden1-1536x1294.jpg 1536w, https:\/\/www.pankebuch.de\/wp-content\/uploads\/2024\/07\/laden1-2048x1725.jpg 2048w, https:\/\/www.pankebuch.de\/wp-content\/uploads\/2024\/07\/laden1-624x526.jpg 624w\" sizes=\"(max-width: 300px) 100vw, 300px\" \/><\/a><a style=\"color: #333399;\" href=\"https:\/\/www.pankebuch.de\/wp-content\/uploads\/2024\/07\/sofa-scaled.jpg\"><img loading=\"lazy\" decoding=\"async\" class=\"alignnone size-medium wp-image-8666\" src=\"https:\/\/www.pankebuch.de\/wp-content\/uploads\/2024\/07\/sofa-300x212.jpg\" alt=\"\" width=\"300\" height=\"212\" srcset=\"https:\/\/www.pankebuch.de\/wp-content\/uploads\/2024\/07\/sofa-300x212.jpg 300w, https:\/\/www.pankebuch.de\/wp-content\/uploads\/2024\/07\/sofa-1024x723.jpg 1024w, https:\/\/www.pankebuch.de\/wp-content\/uploads\/2024\/07\/sofa-768x542.jpg 768w, https:\/\/www.pankebuch.de\/wp-content\/uploads\/2024\/07\/sofa-1536x1085.jpg 1536w, https:\/\/www.pankebuch.de\/wp-content\/uploads\/2024\/07\/sofa-2048x1447.jpg 2048w, https:\/\/www.pankebuch.de\/wp-content\/uploads\/2024\/07\/sofa-624x441.jpg 624w\" sizes=\"(max-width: 300px) 100vw, 300px\" \/><\/a><\/p>\r\n<p>&nbsp;<\/p>\r\n<p><span style=\"color: #333399;\"><a style=\"color: #333399;\" href=\"https:\/\/www.pankebuch.de\/wp-content\/uploads\/2024\/07\/laden-scaled.jpg\"><img loading=\"lazy\" decoding=\"async\" class=\"alignnone size-medium wp-image-8667\" src=\"https:\/\/www.pankebuch.de\/wp-content\/uploads\/2024\/07\/laden-300x300.jpg\" alt=\"\" width=\"300\" height=\"300\" srcset=\"https:\/\/www.pankebuch.de\/wp-content\/uploads\/2024\/07\/laden-300x300.jpg 300w, https:\/\/www.pankebuch.de\/wp-content\/uploads\/2024\/07\/laden-1024x1024.jpg 1024w, https:\/\/www.pankebuch.de\/wp-content\/uploads\/2024\/07\/laden-150x150.jpg 150w, https:\/\/www.pankebuch.de\/wp-content\/uploads\/2024\/07\/laden-768x768.jpg 768w, https:\/\/www.pankebuch.de\/wp-content\/uploads\/2024\/07\/laden-1536x1536.jpg 1536w, https:\/\/www.pankebuch.de\/wp-content\/uploads\/2024\/07\/laden-2048x2048.jpg 2048w, https:\/\/www.pankebuch.de\/wp-content\/uploads\/2024\/07\/laden-624x624.jpg 624w\" sizes=\"(max-width: 300px) 100vw, 300px\" \/><\/a><\/span><\/p>\r\n<p><a href=\"https:\/\/www.pankebuch.de\/wp-content\/uploads\/2024\/08\/pb1-scaled.jpg\"><img loading=\"lazy\" decoding=\"async\" class=\"alignnone size-medium wp-image-8729\" src=\"https:\/\/www.pankebuch.de\/wp-content\/uploads\/2024\/08\/pb1-285x300.jpg\" alt=\"\" width=\"285\" height=\"300\" srcset=\"https:\/\/www.pankebuch.de\/wp-content\/uploads\/2024\/08\/pb1-285x300.jpg 285w, https:\/\/www.pankebuch.de\/wp-content\/uploads\/2024\/08\/pb1-972x1024.jpg 972w, https:\/\/www.pankebuch.de\/wp-content\/uploads\/2024\/08\/pb1-768x809.jpg 768w, https:\/\/www.pankebuch.de\/wp-content\/uploads\/2024\/08\/pb1-1458x1536.jpg 1458w, https:\/\/www.pankebuch.de\/wp-content\/uploads\/2024\/08\/pb1-1944x2048.jpg 1944w, https:\/\/www.pankebuch.de\/wp-content\/uploads\/2024\/08\/pb1-624x657.jpg 624w\" sizes=\"(max-width: 285px) 100vw, 285px\" \/><\/a> <a href=\"https:\/\/www.pankebuch.de\/wp-content\/uploads\/2024\/08\/pb2-scaled.jpg\"><img loading=\"lazy\" decoding=\"async\" class=\"alignnone size-medium wp-image-8730\" src=\"https:\/\/www.pankebuch.de\/wp-content\/uploads\/2024\/08\/pb2-300x240.jpg\" alt=\"\" width=\"300\" height=\"240\" srcset=\"https:\/\/www.pankebuch.de\/wp-content\/uploads\/2024\/08\/pb2-300x240.jpg 300w, https:\/\/www.pankebuch.de\/wp-content\/uploads\/2024\/08\/pb2-1024x821.jpg 1024w, https:\/\/www.pankebuch.de\/wp-content\/uploads\/2024\/08\/pb2-768x616.jpg 768w, https:\/\/www.pankebuch.de\/wp-content\/uploads\/2024\/08\/pb2-1536x1231.jpg 1536w, https:\/\/www.pankebuch.de\/wp-content\/uploads\/2024\/08\/pb2-2048x1641.jpg 2048w, https:\/\/www.pankebuch.de\/wp-content\/uploads\/2024\/08\/pb2-624x500.jpg 624w\" sizes=\"(max-width: 300px) 100vw, 300px\" \/><\/a> <a href=\"https:\/\/www.pankebuch.de\/wp-content\/uploads\/2024\/08\/pb3-scaled.jpg\"><img loading=\"lazy\" decoding=\"async\" class=\"alignnone size-medium wp-image-8731\" src=\"https:\/\/www.pankebuch.de\/wp-content\/uploads\/2024\/08\/pb3-224x300.jpg\" alt=\"\" width=\"224\" height=\"300\" srcset=\"https:\/\/www.pankebuch.de\/wp-content\/uploads\/2024\/08\/pb3-224x300.jpg 224w, https:\/\/www.pankebuch.de\/wp-content\/uploads\/2024\/08\/pb3-765x1024.jpg 765w, https:\/\/www.pankebuch.de\/wp-content\/uploads\/2024\/08\/pb3-768x1028.jpg 768w, https:\/\/www.pankebuch.de\/wp-content\/uploads\/2024\/08\/pb3-1147x1536.jpg 1147w, https:\/\/www.pankebuch.de\/wp-content\/uploads\/2024\/08\/pb3-1529x2048.jpg 1529w, https:\/\/www.pankebuch.de\/wp-content\/uploads\/2024\/08\/pb3-624x836.jpg 624w, https:\/\/www.pankebuch.de\/wp-content\/uploads\/2024\/08\/pb3-scaled.jpg 1912w\" sizes=\"(max-width: 224px) 100vw, 224px\" \/><\/a> <a href=\"https:\/\/www.pankebuch.de\/wp-content\/uploads\/2024\/08\/pb4-scaled.jpg\"><img loading=\"lazy\" decoding=\"async\" class=\"alignnone size-medium wp-image-8732\" src=\"https:\/\/www.pankebuch.de\/wp-content\/uploads\/2024\/08\/pb4-284x300.jpg\" alt=\"\" width=\"284\" height=\"300\" srcset=\"https:\/\/www.pankebuch.de\/wp-content\/uploads\/2024\/08\/pb4-284x300.jpg 284w, https:\/\/www.pankebuch.de\/wp-content\/uploads\/2024\/08\/pb4-970x1024.jpg 970w, https:\/\/www.pankebuch.de\/wp-content\/uploads\/2024\/08\/pb4-768x811.jpg 768w, https:\/\/www.pankebuch.de\/wp-content\/uploads\/2024\/08\/pb4-1454x1536.jpg 1454w, https:\/\/www.pankebuch.de\/wp-content\/uploads\/2024\/08\/pb4-1939x2048.jpg 1939w, https:\/\/www.pankebuch.de\/wp-content\/uploads\/2024\/08\/pb4-624x659.jpg 624w\" sizes=\"(max-width: 284px) 100vw, 284px\" \/><\/a><\/p>\r\n<p><span style=\"color: #333399;\"><strong>1 Jahr Kulturpass = Kulturbudget f\u00fcr alle 18 j\u00e4hrigen! Einzul\u00f6sen auch f\u00fcr B\u00fccher bei uns!<\/strong><\/span><\/p>\r\n<p><span style=\"color: #333399;\"><a style=\"color: #333399;\" href=\"https:\/\/www.pankebuch.de\/wp-content\/uploads\/2023\/06\/Kopie-von-XL-Banner.-KulturPass.jpg\"><img loading=\"lazy\" decoding=\"async\" class=\"alignnone  wp-image-8204\" src=\"https:\/\/www.pankebuch.de\/wp-content\/uploads\/2023\/06\/Kopie-von-XL-Banner.-KulturPass-300x80.jpg\" alt=\"\" width=\"439\" height=\"117\" srcset=\"https:\/\/www.pankebuch.de\/wp-content\/uploads\/2023\/06\/Kopie-von-XL-Banner.-KulturPass-300x80.jpg 300w, https:\/\/www.pankebuch.de\/wp-content\/uploads\/2023\/06\/Kopie-von-XL-Banner.-KulturPass-1024x273.jpg 1024w, https:\/\/www.pankebuch.de\/wp-content\/uploads\/2023\/06\/Kopie-von-XL-Banner.-KulturPass-768x205.jpg 768w, https:\/\/www.pankebuch.de\/wp-content\/uploads\/2023\/06\/Kopie-von-XL-Banner.-KulturPass-624x166.jpg 624w, https:\/\/www.pankebuch.de\/wp-content\/uploads\/2023\/06\/Kopie-von-XL-Banner.-KulturPass.jpg 1500w\" sizes=\"(max-width: 439px) 100vw, 439px\" \/><\/a><\/span><\/p>\r\n<p><span style=\"color: #333399;\"><a style=\"color: #333399;\" href=\"https:\/\/www.kulturpass.de\/ueber-den-kulturpass\" target=\"_blank\" rel=\"noopener\">\u00dcber den Kulturpass<\/a><\/span><\/p>\r\n<p><span style=\"color: #333399;\"><strong><span style=\"font-family: Tahoma, sans-serif;\"><span style=\"font-size: small;\">Unser Programm f\u00fcr euch!<\/span><\/span><\/strong><\/span><\/p>\r\n<p><span style=\"color: #333399;\"><a style=\"color: #333399;\" href=\"https:\/\/www.pankebuch.de\/wp-content\/uploads\/2024\/03\/edith.jpg\"><img loading=\"lazy\" decoding=\"async\" class=\"alignnone  wp-image-8579\" src=\"https:\/\/www.pankebuch.de\/wp-content\/uploads\/2024\/03\/edith-208x300.jpg\" alt=\"\" width=\"191\" height=\"276\" srcset=\"https:\/\/www.pankebuch.de\/wp-content\/uploads\/2024\/03\/edith-208x300.jpg 208w, https:\/\/www.pankebuch.de\/wp-content\/uploads\/2024\/03\/edith-709x1024.jpg 709w, https:\/\/www.pankebuch.de\/wp-content\/uploads\/2024\/03\/edith-768x1109.jpg 768w, https:\/\/www.pankebuch.de\/wp-content\/uploads\/2024\/03\/edith-1063x1536.jpg 1063w, https:\/\/www.pankebuch.de\/wp-content\/uploads\/2024\/03\/edith-624x901.jpg 624w, https:\/\/www.pankebuch.de\/wp-content\/uploads\/2024\/03\/edith.jpg 1080w\" sizes=\"(max-width: 191px) 100vw, 191px\" \/><\/a><\/span><\/p>\r\n<p><span style=\"color: #333399;\"><strong>Die K\u00fcnstlerin Jana Semrau aus Mecklenburg\/Vorpommern zeigt Malerei und Grafik zum Werk der finnlandschwedischen Dichterin Edith S\u00f6dergran. &#8211; noch wenige Tage bis Ende August zu sehen. Gleichzeitig pr\u00e4sentieren wir eine Edition der Lyrik von S\u00f6dergran.<br \/><\/strong><\/span><\/p>\r\n<p><span style=\"color: #000080;\">Danach geht es weiter mit Kunst.<\/span><\/p>\r\n<div id=\"attachment_8721\" style=\"width: 310px\" class=\"wp-caption alignnone\"><a href=\"https:\/\/www.pankebuch.de\/wp-content\/uploads\/2024\/07\/johanna-weberin.jpg\"><img loading=\"lazy\" decoding=\"async\" aria-describedby=\"caption-attachment-8721\" class=\"size-medium wp-image-8721\" src=\"https:\/\/www.pankebuch.de\/wp-content\/uploads\/2024\/07\/johanna-weberin-300x300.jpg\" alt=\"\" width=\"300\" height=\"300\" srcset=\"https:\/\/www.pankebuch.de\/wp-content\/uploads\/2024\/07\/johanna-weberin-300x300.jpg 300w, https:\/\/www.pankebuch.de\/wp-content\/uploads\/2024\/07\/johanna-weberin-1024x1024.jpg 1024w, https:\/\/www.pankebuch.de\/wp-content\/uploads\/2024\/07\/johanna-weberin-150x150.jpg 150w, https:\/\/www.pankebuch.de\/wp-content\/uploads\/2024\/07\/johanna-weberin-768x768.jpg 768w, https:\/\/www.pankebuch.de\/wp-content\/uploads\/2024\/07\/johanna-weberin-1536x1536.jpg 1536w, https:\/\/www.pankebuch.de\/wp-content\/uploads\/2024\/07\/johanna-weberin-624x624.jpg 624w, https:\/\/www.pankebuch.de\/wp-content\/uploads\/2024\/07\/johanna-weberin.jpg 2048w\" sizes=\"(max-width: 300px) 100vw, 300px\" \/><\/a><p id=\"caption-attachment-8721\" class=\"wp-caption-text\"><span style=\"color: #000080;\">Foto: privat<\/span><\/p><\/div>\r\n<p><strong><span style=\"color: #000080;\">Freitag 27. September 19 Uhr Vernissage<\/span><\/strong><\/p>\r\n<p><span style=\"color: #000080;\">Herzlich willkommen zur Vernissage<strong> Musikweberei<\/strong> mit\u00a0 <strong>Johanna Mae\u00df<\/strong>, die sich seit vielen Jahren mit <strong>Weberei<\/strong> besch\u00e4ftigt. <strong>Sie \u00fcbersetzt Melodien aus Island in textile Kunst.<\/strong> Dabei verwendet sie isl\u00e4ndische Garne. <\/span><\/p>\r\n<p><span style=\"color: #000080;\"><strong>Wir feiern in diesem Jahr mit Island 80 Jahre Gr\u00fcndung der Republik.<\/strong><\/span><\/p>\r\n<p><a href=\"https:\/\/www.pankebuch.de\/wp-content\/uploads\/2024\/07\/guggolz.jpg\"><img loading=\"lazy\" decoding=\"async\" class=\"alignnone size-medium wp-image-8714\" src=\"https:\/\/www.pankebuch.de\/wp-content\/uploads\/2024\/07\/guggolz-300x300.jpg\" alt=\"\" width=\"300\" height=\"300\" srcset=\"https:\/\/www.pankebuch.de\/wp-content\/uploads\/2024\/07\/guggolz-300x300.jpg 300w, https:\/\/www.pankebuch.de\/wp-content\/uploads\/2024\/07\/guggolz-1024x1024.jpg 1024w, https:\/\/www.pankebuch.de\/wp-content\/uploads\/2024\/07\/guggolz-150x150.jpg 150w, https:\/\/www.pankebuch.de\/wp-content\/uploads\/2024\/07\/guggolz-768x768.jpg 768w, https:\/\/www.pankebuch.de\/wp-content\/uploads\/2024\/07\/guggolz-624x624.jpg 624w, https:\/\/www.pankebuch.de\/wp-content\/uploads\/2024\/07\/guggolz.jpg 1440w\" sizes=\"(max-width: 300px) 100vw, 300px\" \/><\/a><\/p>\r\n<p><span style=\"color: #333399;\">Noch <strong>bis Ende August<\/strong> findet ihr bei uns eine extra<strong> Sommertafel<\/strong> mit literarischen Sch\u00e4tzen aus dem <strong>Guggolz Verlag<\/strong>. Vor 10 Jahren gr\u00fcndete Sebastian Guggolz seinen Verlag mit einem ganz besonderen Profil: Die <strong>Wiederentdeckung von wegweisenden Texten aus Nord- und Osteuropa.<\/strong>\u00a0 www.guggolz-verlag.de <strong><br \/><\/strong><\/span><\/p>\r\n<p><span style=\"color: #333399;\"><strong>Samstag 14. September 15 Uhr Erz\u00e4hlnachmittag<\/strong> <\/span><\/p>\r\n<p><span style=\"color: #333399;\">Die <strong>Geschichtenerz\u00e4hlerin Sabine Fichtner<\/strong> bringt zwei <strong>M\u00e4rchen aus Lappland und Norwegen<\/strong> mit ins Pankebuch. Mit ganzem K\u00f6rpereinsatz l\u00e4sst sie im<strong> &#8222;Knecht des Riesen&#8220;<\/strong> einen furiosen Wettstreit zwischen Gewitztheit und K\u00f6rperkraft lebendig werden. Dem <strong>&#8222;Kleinen Frick&#8220;<\/strong> verhilft seine gute Herzensverbindung zu einem gl\u00fccklichen Leben &#8211; eine Mitmachgeschichte mit Kleinpercussion.<\/span><\/p>\r\n<p><span style=\"color: #333399;\">Eintritt frei \u2013 ein Hut f\u00fcr die K\u00fcnstlerin geht rum<\/span><\/p>\r\n<p><a href=\"https:\/\/www.pankebuch.de\/wp-content\/uploads\/2024\/07\/mumins.jpg\"><img loading=\"lazy\" decoding=\"async\" class=\"alignnone size-medium wp-image-8715\" src=\"https:\/\/www.pankebuch.de\/wp-content\/uploads\/2024\/07\/mumins-240x300.jpg\" alt=\"\" width=\"240\" height=\"300\" srcset=\"https:\/\/www.pankebuch.de\/wp-content\/uploads\/2024\/07\/mumins-240x300.jpg 240w, https:\/\/www.pankebuch.de\/wp-content\/uploads\/2024\/07\/mumins-819x1024.jpg 819w, https:\/\/www.pankebuch.de\/wp-content\/uploads\/2024\/07\/mumins-768x960.jpg 768w, https:\/\/www.pankebuch.de\/wp-content\/uploads\/2024\/07\/mumins-624x780.jpg 624w, https:\/\/www.pankebuch.de\/wp-content\/uploads\/2024\/07\/mumins.jpg 1080w\" sizes=\"(max-width: 240px) 100vw, 240px\" \/><\/a><\/p>\r\n<p><span style=\"color: #333399;\"><span style=\"font-family: Tahoma, sans-serif;\"><span style=\"font-size: small;\"><b><strong>Ein fester Termin in unserem Jahreskalender ist das Mumin-Fest, in diesem Jahr am Samstag 28. September ab 14 Uhr. Auch wieder mit live Musik, Philipp Dienstag von BLAUOHR Kindermusik spielt auf. Lesen, naschen, spielen, tanzen. Willkommen, liebe Familien!<\/strong><\/b><\/span><\/span><\/span><\/p>\r\n<div id=\"attachment_8658\" style=\"width: 310px\" class=\"wp-caption alignnone\"><a style=\"color: #333399;\" href=\"https:\/\/www.pankebuch.de\/wp-content\/uploads\/2024\/06\/tore.jpg\"><img loading=\"lazy\" decoding=\"async\" aria-describedby=\"caption-attachment-8658\" class=\"size-medium wp-image-8658\" src=\"https:\/\/www.pankebuch.de\/wp-content\/uploads\/2024\/06\/tore-300x300.jpg\" alt=\"\" width=\"300\" height=\"300\" srcset=\"https:\/\/www.pankebuch.de\/wp-content\/uploads\/2024\/06\/tore-300x300.jpg 300w, https:\/\/www.pankebuch.de\/wp-content\/uploads\/2024\/06\/tore-1024x1024.jpg 1024w, https:\/\/www.pankebuch.de\/wp-content\/uploads\/2024\/06\/tore-150x150.jpg 150w, https:\/\/www.pankebuch.de\/wp-content\/uploads\/2024\/06\/tore-768x768.jpg 768w, https:\/\/www.pankebuch.de\/wp-content\/uploads\/2024\/06\/tore-1536x1536.jpg 1536w, https:\/\/www.pankebuch.de\/wp-content\/uploads\/2024\/06\/tore-624x624.jpg 624w, https:\/\/www.pankebuch.de\/wp-content\/uploads\/2024\/06\/tore.jpg 2048w\" sizes=\"(max-width: 300px) 100vw, 300px\" \/><\/a><p id=\"caption-attachment-8658\" class=\"wp-caption-text\"><span style=\"color: #333399;\">Foto: Petter Sandell<\/span><\/p><\/div>\r\n<p><span style=\"color: #333399;\"><strong>Am Dienstag 22. Oktober, 19.30 Uhr<\/strong> liest der norwegische Autor Tore Renberg aus seinem Roman <strong>&#8222;Die Lungenschwimmprobe&#8220;<\/strong> (\u00fcbersetzt von Ina Kronenberg und Karoline Hippe, erschienen im Luchterhand Verlag)<\/span><\/p>\r\n<p><span style=\"color: #333399;\"><strong>Die deutschen Passagen liest die Musikerin und Schauspielerin Jasmin Tabatabai. Der Abend wird moderiert vom.radioEINS Literaturagenten Thomas B\u00f6hm.<\/strong><\/span><\/p>\r\n<p><span style=\"color: #000080;\"><strong>Wir danken herzlich f\u00fcr die Unterst\u00fctzung durch NORLA Norwegian Literature Abroad.<\/strong><\/span><\/p>\r\n<p><span style=\"color: #333399;\">Caf\u00e9 Eden, Breite Str. 43, Alt &#8211; Pankow , Karte 13 Euro via info@pankebuch.de (Restkarten mit geringf\u00fcgigen Einschr\u00e4nkungen gibt es f\u00fcr 9 Euro an der Abendkasse.)<\/span><\/p>\r\n<p><strong><span style=\"color: #0000ff;\">ACHTUNG! Der \u00d6ffentliche Nahverkehr in Alt &#8211; Pankow ist gerade im Umbau. Am besten erreicht ihr das Caf\u00e9 EDEN zu Fu\u00df vom S &#8211; und U &#8211; Bahnhof Pankow, ca. 15 Minuten. Herzlich Willkommen!\u00a0<\/span><\/strong><\/p>\r\n<p><a href=\"https:\/\/www.pankebuch.de\/wp-content\/uploads\/2024\/08\/NORLA-Horizontal-ORANGE-RGB.webp\"><img loading=\"lazy\" decoding=\"async\" class=\"alignnone size-medium wp-image-8757\" src=\"https:\/\/www.pankebuch.de\/wp-content\/uploads\/2024\/08\/NORLA-Horizontal-ORANGE-RGB-300x141.webp\" alt=\"\" width=\"300\" height=\"141\" srcset=\"https:\/\/www.pankebuch.de\/wp-content\/uploads\/2024\/08\/NORLA-Horizontal-ORANGE-RGB-300x141.webp 300w, https:\/\/www.pankebuch.de\/wp-content\/uploads\/2024\/08\/NORLA-Horizontal-ORANGE-RGB-1024x480.webp 1024w, https:\/\/www.pankebuch.de\/wp-content\/uploads\/2024\/08\/NORLA-Horizontal-ORANGE-RGB-768x360.webp 768w, https:\/\/www.pankebuch.de\/wp-content\/uploads\/2024\/08\/NORLA-Horizontal-ORANGE-RGB-624x292.webp 624w, https:\/\/www.pankebuch.de\/wp-content\/uploads\/2024\/08\/NORLA-Horizontal-ORANGE-RGB.webp 1050w\" sizes=\"(max-width: 300px) 100vw, 300px\" \/><\/a><\/p>\r\n<p><strong><span style=\"color: #000080;\">Freitag 15. November 2024 19.30 Uhr BUNDESWEITER VORLESTAG<\/span><\/strong><\/p>\r\n<p><span style=\"color: #000080;\">Am Tag lesen wir den Kindern im Pankebuch vor. <strong>Am Abend liest Geertje Marquardt aus ihrem Buch &#8222;<span id=\"productTitle\" class=\"a-size-large celwidget\" data-csa-c-id=\"4nisg9-29nlen-11pozv-cljm42\" data-cel-widget=\"productTitle\">Die Eisbrecherin: Von meiner Expedition durch Gr\u00f6nland und dem Mut, seinem Traum zu folgen&#8220; (Dumont Reiseverlag))<\/span><\/strong><\/span><\/p>\r\n<p><span style=\"color: #333399;\">Caf\u00e9 Eden, Breite Str. 43, Alt &#8211; Pankow , Karte 12 Euro via info@pankebuch.de <\/span><\/p>\r\n<p><span style=\"color: #333399;\"><em><strong>Auf gute Begegnungen!<\/strong><\/em><\/span><\/p>\r\n<figure class=\"wp-block-gallery has-nested-images columns-default is-cropped\"><\/figure>\r\n<p><span style=\"color: #333399;\">\r\n\r\n<\/span><\/p>\r\n<p><span style=\"color: #333399;\"><em>\r\n\r\n<\/em><\/span><\/p>\r\n<p class=\"has-blue-color has-text-color\"><span style=\"color: #333399;\"><em><strong>Eure <\/strong><strong>Petra Wenzel und Katrin Mirtschink<\/strong><\/em><\/span><\/p>\r\n\r\n\r\n\r\n\r\n\r\n\r\n\r\n\r\n\r\n\r\n\r\n\r\n\r\n\r\n\r\n\r\n","protected":false},"excerpt":{"rendered":"<p>In den Sp\u00e4tsommer geht dieser pr\u00e4chtige Sommer \u00fcber und wir freuen uns auf eure Urlaubserlebnisse, Eindr\u00fccke und literarischen Entdeckungen. Unsere Tische und Regale sind wie immer reich gef\u00fcllt, unter anderem mit den f\u00fcr den Deutschen Buchpreis 2024 nominierten Titeln. Deutscher Buchpreis Und wie immer gilt:\u00a0 wir k\u00fcmmern uns gerne um die Beschaffung eurer Schul, Studien- [&hellip;]<\/p>\n","protected":false},"author":1,"featured_media":0,"comment_status":"closed","ping_status":"open","sticky":false,"template":"","format":"image","meta":{"footnotes":""},"categories":[1],"tags":[],"_links":{"self":[{"href":"https:\/\/www.pankebuch.de\/index.php?rest_route=\/wp\/v2\/posts\/8682"}],"collection":[{"href":"https:\/\/www.pankebuch.de\/index.php?rest_route=\/wp\/v2\/posts"}],"about":[{"href":"https:\/\/www.pankebuch.de\/index.php?rest_route=\/wp\/v2\/types\/post"}],"author":[{"embeddable":true,"href":"https:\/\/www.pankebuch.de\/index.php?rest_route=\/wp\/v2\/users\/1"}],"replies":[{"embeddable":true,"href":"https:\/\/www.pankebuch.de\/index.php?rest_route=%2Fwp%2Fv2%2Fcomments&post=8682"}],"version-history":[{"count":19,"href":"https:\/\/www.pankebuch.de\/index.php?rest_route=\/wp\/v2\/posts\/8682\/revisions"}],"predecessor-version":[{"id":8761,"href":"https:\/\/www.pankebuch.de\/index.php?rest_route=\/wp\/v2\/posts\/8682\/revisions\/8761"}],"wp:attachment":[{"href":"https:\/\/www.pankebuch.de\/index.php?rest_route=%2Fwp%2Fv2%2Fmedia&parent=8682"}],"wp:term":[{"taxonomy":"category","embeddable":true,"href":"https:\/\/www.pankebuch.de\/index.php?rest_route=%2Fwp%2Fv2%2Fcategories&post=8682"},{"taxonomy":"post_tag","embeddable":true,"href":"https:\/\/www.pankebuch.de\/index.php?rest_route=%2Fwp%2Fv2%2Ftags&post=8682"}],"curies":[{"name":"wp","href":"https:\/\/api.w.org\/{rel}","templated":true}]}}