{"id":8652,"date":"2024-07-14T17:44:39","date_gmt":"2024-07-14T16:44:39","guid":{"rendered":"https:\/\/www.pankebuch.de\/?p=8652"},"modified":"2024-08-23T15:12:52","modified_gmt":"2024-08-23T14:12:52","slug":"sommerzeit","status":"publish","type":"post","link":"https:\/\/www.pankebuch.de\/?p=8652","title":{"rendered":"Sommerzeit&#8230;"},"content":{"rendered":"\r\n<p>&nbsp;<\/p>\r\n<p><span style=\"color: #333399;\">&#8230; <strong>\u00a0Sommergl\u00fcck!<\/strong> Dazu geh\u00f6ren nat\u00fcrlich die sch\u00f6nsten B\u00fccher des Nordens! Unsere T\u00fcr steht f\u00fcr euch von Montag bis Samstag offen, mit einer wundervollen Ausstellung und immer aktuellen B\u00fcchern zu wichtigen Themen der Zeit. <\/span><\/p>\r\n<p><span style=\"color: #333399;\"><strong>Jederzeit<\/strong> k\u00fcmmern wir uns um die Beschaffung eurer <strong>Schul, Studien- und Fachb\u00fccher<\/strong> oder suchen nach vergriffenen Titeln. Und empfehlen sehr gerne<strong> B\u00fccher zum Verschenken<\/strong> an euch und eure Liebsten. Wir erf\u00fcllen eure W\u00fcnsche und haben f\u00fcr euch Lekt\u00fcre im Pankebuch versammelt. Auch die Geschenkb\u00fccher f\u00fcr den Schulanfang findet ihr bei uns! Und der erste Kalender f\u00fcr 2025,\u00a0 der <strong>OSTSEEKALENDER<\/strong> von Kat Menschik ist eingetroffen! Greift zu und nat\u00fcrlich k\u00f6nnen wir all eure Kalenderw\u00fcnsche erf\u00fcllen.<\/span><\/p>\r\n<p><span style=\"color: #333399;\"> Alle Bestellungen bitte direkt an info@pankebuch.de oder hier <a style=\"color: #333399;\" href=\"https:\/\/www.genialokal.de\/buchhandlung\/berlin-pankow\/pankebuch\/\" target=\"_blank\" rel=\"noreferrer noopener\">www.genialokal.de\/buchhandlung\/berlin-pankow\/pankebuch\/<\/a><\/span><\/p>\r\n<p><strong><span style=\"color: #333399;\">Unsere Empfehlungen aus der Kinderbuchwand.<\/span><\/strong><\/p>\r\n<p><a href=\"https:\/\/www.pankebuch.de\/wp-content\/uploads\/2024\/07\/laden2-scaled.jpg\"><img loading=\"lazy\" decoding=\"async\" class=\"alignnone size-medium wp-image-8678\" src=\"https:\/\/www.pankebuch.de\/wp-content\/uploads\/2024\/07\/laden2-300x178.jpg\" alt=\"\" width=\"300\" height=\"178\" srcset=\"https:\/\/www.pankebuch.de\/wp-content\/uploads\/2024\/07\/laden2-300x178.jpg 300w, https:\/\/www.pankebuch.de\/wp-content\/uploads\/2024\/07\/laden2-1024x609.jpg 1024w, https:\/\/www.pankebuch.de\/wp-content\/uploads\/2024\/07\/laden2-768x456.jpg 768w, https:\/\/www.pankebuch.de\/wp-content\/uploads\/2024\/07\/laden2-1536x913.jpg 1536w, https:\/\/www.pankebuch.de\/wp-content\/uploads\/2024\/07\/laden2-2048x1217.jpg 2048w, https:\/\/www.pankebuch.de\/wp-content\/uploads\/2024\/07\/laden2-624x371.jpg 624w\" sizes=\"(max-width: 300px) 100vw, 300px\" \/><\/a><\/p>\r\n<p><strong><span style=\"color: #333399;\">Der Sommer und die Ferien k\u00f6nnen kommen, Reisen beginnen im Kopf.<\/span><\/strong><\/p>\r\n<p><a href=\"https:\/\/www.pankebuch.de\/wp-content\/uploads\/2024\/07\/laden1-scaled.jpg\"><img loading=\"lazy\" decoding=\"async\" class=\"alignnone size-medium wp-image-8677\" src=\"https:\/\/www.pankebuch.de\/wp-content\/uploads\/2024\/07\/laden1-300x253.jpg\" alt=\"\" width=\"300\" height=\"253\" srcset=\"https:\/\/www.pankebuch.de\/wp-content\/uploads\/2024\/07\/laden1-300x253.jpg 300w, https:\/\/www.pankebuch.de\/wp-content\/uploads\/2024\/07\/laden1-1024x862.jpg 1024w, https:\/\/www.pankebuch.de\/wp-content\/uploads\/2024\/07\/laden1-768x647.jpg 768w, https:\/\/www.pankebuch.de\/wp-content\/uploads\/2024\/07\/laden1-1536x1294.jpg 1536w, https:\/\/www.pankebuch.de\/wp-content\/uploads\/2024\/07\/laden1-2048x1725.jpg 2048w, https:\/\/www.pankebuch.de\/wp-content\/uploads\/2024\/07\/laden1-624x526.jpg 624w\" sizes=\"(max-width: 300px) 100vw, 300px\" \/><\/a><\/p>\r\n<p><span style=\"color: #333399;\"><a style=\"color: #333399;\" href=\"https:\/\/www.pankebuch.de\/wp-content\/uploads\/2024\/07\/sofa-scaled.jpg\"><img loading=\"lazy\" decoding=\"async\" class=\"alignnone size-medium wp-image-8666\" src=\"https:\/\/www.pankebuch.de\/wp-content\/uploads\/2024\/07\/sofa-300x212.jpg\" alt=\"\" width=\"300\" height=\"212\" srcset=\"https:\/\/www.pankebuch.de\/wp-content\/uploads\/2024\/07\/sofa-300x212.jpg 300w, https:\/\/www.pankebuch.de\/wp-content\/uploads\/2024\/07\/sofa-1024x723.jpg 1024w, https:\/\/www.pankebuch.de\/wp-content\/uploads\/2024\/07\/sofa-768x542.jpg 768w, https:\/\/www.pankebuch.de\/wp-content\/uploads\/2024\/07\/sofa-1536x1085.jpg 1536w, https:\/\/www.pankebuch.de\/wp-content\/uploads\/2024\/07\/sofa-2048x1447.jpg 2048w, https:\/\/www.pankebuch.de\/wp-content\/uploads\/2024\/07\/sofa-624x441.jpg 624w\" sizes=\"(max-width: 300px) 100vw, 300px\" \/><\/a><\/span><\/p>\r\n<p><span style=\"color: #333399;\"><a style=\"color: #333399;\" href=\"https:\/\/www.pankebuch.de\/wp-content\/uploads\/2024\/07\/laden-scaled.jpg\"><img loading=\"lazy\" decoding=\"async\" class=\"alignnone size-medium wp-image-8667\" src=\"https:\/\/www.pankebuch.de\/wp-content\/uploads\/2024\/07\/laden-300x300.jpg\" alt=\"\" width=\"300\" height=\"300\" srcset=\"https:\/\/www.pankebuch.de\/wp-content\/uploads\/2024\/07\/laden-300x300.jpg 300w, https:\/\/www.pankebuch.de\/wp-content\/uploads\/2024\/07\/laden-1024x1024.jpg 1024w, https:\/\/www.pankebuch.de\/wp-content\/uploads\/2024\/07\/laden-150x150.jpg 150w, https:\/\/www.pankebuch.de\/wp-content\/uploads\/2024\/07\/laden-768x768.jpg 768w, https:\/\/www.pankebuch.de\/wp-content\/uploads\/2024\/07\/laden-1536x1536.jpg 1536w, https:\/\/www.pankebuch.de\/wp-content\/uploads\/2024\/07\/laden-2048x2048.jpg 2048w, https:\/\/www.pankebuch.de\/wp-content\/uploads\/2024\/07\/laden-624x624.jpg 624w\" sizes=\"(max-width: 300px) 100vw, 300px\" \/><\/a><\/span><\/p>\r\n<p><span style=\"color: #333399;\"><a style=\"color: #333399;\" href=\"https:\/\/www.pankebuch.de\/wp-content\/uploads\/2024\/07\/ostseekalender-scaled.jpg\"><img loading=\"lazy\" decoding=\"async\" class=\"alignnone size-medium wp-image-8668\" src=\"https:\/\/www.pankebuch.de\/wp-content\/uploads\/2024\/07\/ostseekalender-213x300.jpg\" alt=\"\" width=\"213\" height=\"300\" srcset=\"https:\/\/www.pankebuch.de\/wp-content\/uploads\/2024\/07\/ostseekalender-213x300.jpg 213w, https:\/\/www.pankebuch.de\/wp-content\/uploads\/2024\/07\/ostseekalender-725x1024.jpg 725w, https:\/\/www.pankebuch.de\/wp-content\/uploads\/2024\/07\/ostseekalender-768x1084.jpg 768w, https:\/\/www.pankebuch.de\/wp-content\/uploads\/2024\/07\/ostseekalender-1088x1536.jpg 1088w, https:\/\/www.pankebuch.de\/wp-content\/uploads\/2024\/07\/ostseekalender-1451x2048.jpg 1451w, https:\/\/www.pankebuch.de\/wp-content\/uploads\/2024\/07\/ostseekalender-624x881.jpg 624w, https:\/\/www.pankebuch.de\/wp-content\/uploads\/2024\/07\/ostseekalender-scaled.jpg 1813w\" sizes=\"(max-width: 213px) 100vw, 213px\" \/><\/a><\/span><\/p>\r\n<p>&nbsp;<\/p>\r\n<p><span style=\"color: #333399;\"><strong>1 Jahr Kulturpass = Kulturbudget f\u00fcr alle 18 j\u00e4hrigen. Einzul\u00f6sen auch f\u00fcr B\u00fccher bei uns.<\/strong><\/span><\/p>\r\n<p><span style=\"color: #333399;\"><a style=\"color: #333399;\" href=\"https:\/\/www.pankebuch.de\/wp-content\/uploads\/2023\/06\/Kopie-von-XL-Banner.-KulturPass.jpg\"><img loading=\"lazy\" decoding=\"async\" class=\"alignnone  wp-image-8204\" src=\"https:\/\/www.pankebuch.de\/wp-content\/uploads\/2023\/06\/Kopie-von-XL-Banner.-KulturPass-300x80.jpg\" alt=\"\" width=\"439\" height=\"117\" srcset=\"https:\/\/www.pankebuch.de\/wp-content\/uploads\/2023\/06\/Kopie-von-XL-Banner.-KulturPass-300x80.jpg 300w, https:\/\/www.pankebuch.de\/wp-content\/uploads\/2023\/06\/Kopie-von-XL-Banner.-KulturPass-1024x273.jpg 1024w, https:\/\/www.pankebuch.de\/wp-content\/uploads\/2023\/06\/Kopie-von-XL-Banner.-KulturPass-768x205.jpg 768w, https:\/\/www.pankebuch.de\/wp-content\/uploads\/2023\/06\/Kopie-von-XL-Banner.-KulturPass-624x166.jpg 624w, https:\/\/www.pankebuch.de\/wp-content\/uploads\/2023\/06\/Kopie-von-XL-Banner.-KulturPass.jpg 1500w\" sizes=\"(max-width: 439px) 100vw, 439px\" \/><\/a><\/span><\/p>\r\n<p><span style=\"color: #333399;\"><a style=\"color: #333399;\" href=\"https:\/\/www.kulturpass.de\/ueber-den-kulturpass\" target=\"_blank\" rel=\"noopener\">\u00dcber den Kulturpass<\/a><\/span><\/p>\r\n<p><span style=\"color: #333399;\"><strong><span style=\"font-family: Tahoma, sans-serif;\"><span style=\"font-size: small;\">Unser Programm f\u00fcr euch!<\/span><\/span><\/strong><\/span><\/p>\r\n<p><span style=\"color: #333399;\"><a style=\"color: #333399;\" href=\"https:\/\/www.pankebuch.de\/wp-content\/uploads\/2024\/03\/edith.jpg\"><img loading=\"lazy\" decoding=\"async\" class=\"alignnone  wp-image-8579\" src=\"https:\/\/www.pankebuch.de\/wp-content\/uploads\/2024\/03\/edith-208x300.jpg\" alt=\"\" width=\"191\" height=\"276\" srcset=\"https:\/\/www.pankebuch.de\/wp-content\/uploads\/2024\/03\/edith-208x300.jpg 208w, https:\/\/www.pankebuch.de\/wp-content\/uploads\/2024\/03\/edith-709x1024.jpg 709w, https:\/\/www.pankebuch.de\/wp-content\/uploads\/2024\/03\/edith-768x1109.jpg 768w, https:\/\/www.pankebuch.de\/wp-content\/uploads\/2024\/03\/edith-1063x1536.jpg 1063w, https:\/\/www.pankebuch.de\/wp-content\/uploads\/2024\/03\/edith-624x901.jpg 624w, https:\/\/www.pankebuch.de\/wp-content\/uploads\/2024\/03\/edith.jpg 1080w\" sizes=\"(max-width: 191px) 100vw, 191px\" \/><\/a><\/span><\/p>\r\n<p><span style=\"color: #333399;\"><strong>Die K\u00fcnstlerin Jana Semrau aus Mecklenburg\/Vorpommern zeigt Malerei und Grafik zum Werk der finnlandschwedischen Dichterin Edith S\u00f6dergran. (bis August 2024 im Pankebuch). Gleichzeitig pr\u00e4sentieren wir eine Edition der Lyrik von S\u00f6dergran.<br \/><\/strong><\/span><\/p>\r\n<p><a href=\"https:\/\/www.pankebuch.de\/wp-content\/uploads\/2024\/07\/guggolz.jpg\"><img loading=\"lazy\" decoding=\"async\" class=\"alignnone size-medium wp-image-8714\" src=\"https:\/\/www.pankebuch.de\/wp-content\/uploads\/2024\/07\/guggolz-300x300.jpg\" alt=\"\" width=\"300\" height=\"300\" srcset=\"https:\/\/www.pankebuch.de\/wp-content\/uploads\/2024\/07\/guggolz-300x300.jpg 300w, https:\/\/www.pankebuch.de\/wp-content\/uploads\/2024\/07\/guggolz-1024x1024.jpg 1024w, https:\/\/www.pankebuch.de\/wp-content\/uploads\/2024\/07\/guggolz-150x150.jpg 150w, https:\/\/www.pankebuch.de\/wp-content\/uploads\/2024\/07\/guggolz-768x768.jpg 768w, https:\/\/www.pankebuch.de\/wp-content\/uploads\/2024\/07\/guggolz-624x624.jpg 624w, https:\/\/www.pankebuch.de\/wp-content\/uploads\/2024\/07\/guggolz.jpg 1440w\" sizes=\"(max-width: 300px) 100vw, 300px\" \/><\/a><\/p>\r\n<p><span style=\"color: #333399;\">In den <strong>Sommermonaten Juli und August<\/strong> findet ihr bei uns eine <strong>EXTRA Sommertafel<\/strong> mit literarischen Sch\u00e4tzen aus dem Guggolz Verlag. Vor<strong> 10 Jahren<\/strong> gr\u00fcndete Sebastian Guggolz seinen Verlag mit einem ganz besonderen Profil: Die Wiederentdeckung von wegweisenden Texten aus Nord- und Osteuropa. Seit 10 Jahren verbunden! www.guggolz-verlag.de<strong><br \/><\/strong><\/span><\/p>\r\n<div id=\"attachment_8721\" style=\"width: 310px\" class=\"wp-caption alignnone\"><a href=\"https:\/\/www.pankebuch.de\/wp-content\/uploads\/2024\/07\/johanna-weberin.jpg\"><img loading=\"lazy\" decoding=\"async\" aria-describedby=\"caption-attachment-8721\" class=\"size-medium wp-image-8721\" src=\"https:\/\/www.pankebuch.de\/wp-content\/uploads\/2024\/07\/johanna-weberin-300x300.jpg\" alt=\"\" width=\"300\" height=\"300\" srcset=\"https:\/\/www.pankebuch.de\/wp-content\/uploads\/2024\/07\/johanna-weberin-300x300.jpg 300w, https:\/\/www.pankebuch.de\/wp-content\/uploads\/2024\/07\/johanna-weberin-1024x1024.jpg 1024w, https:\/\/www.pankebuch.de\/wp-content\/uploads\/2024\/07\/johanna-weberin-150x150.jpg 150w, https:\/\/www.pankebuch.de\/wp-content\/uploads\/2024\/07\/johanna-weberin-768x768.jpg 768w, https:\/\/www.pankebuch.de\/wp-content\/uploads\/2024\/07\/johanna-weberin-1536x1536.jpg 1536w, https:\/\/www.pankebuch.de\/wp-content\/uploads\/2024\/07\/johanna-weberin-624x624.jpg 624w, https:\/\/www.pankebuch.de\/wp-content\/uploads\/2024\/07\/johanna-weberin.jpg 2048w\" sizes=\"(max-width: 300px) 100vw, 300px\" \/><\/a><p id=\"caption-attachment-8721\" class=\"wp-caption-text\"><span style=\"color: #000080;\">Foto: privat<\/span><\/p><\/div>\r\n<p><strong><span style=\"color: #000080;\">Freitag 27. September, 19 Uhr Vernissage<\/span><\/strong><\/p>\r\n<p><span style=\"color: #000080;\">Herzlich willkommen zur Vernissage<strong> Musikweberei<\/strong> mit der Weberin <strong>Johanna Mae\u00df<\/strong>. <strong>Sie \u00fcbersetzt Musik aus Island mittels feinster Wolle in textile Kunst.<\/strong> <\/span><span style=\"color: #000080;\"><strong>80 Jahre Republik Island.<\/strong><\/span><\/p>\r\n<p><a href=\"https:\/\/www.pankebuch.de\/wp-content\/uploads\/2024\/07\/mumins.jpg\"><img loading=\"lazy\" decoding=\"async\" class=\"alignnone size-medium wp-image-8715\" src=\"https:\/\/www.pankebuch.de\/wp-content\/uploads\/2024\/07\/mumins-240x300.jpg\" alt=\"\" width=\"240\" height=\"300\" srcset=\"https:\/\/www.pankebuch.de\/wp-content\/uploads\/2024\/07\/mumins-240x300.jpg 240w, https:\/\/www.pankebuch.de\/wp-content\/uploads\/2024\/07\/mumins-819x1024.jpg 819w, https:\/\/www.pankebuch.de\/wp-content\/uploads\/2024\/07\/mumins-768x960.jpg 768w, https:\/\/www.pankebuch.de\/wp-content\/uploads\/2024\/07\/mumins-624x780.jpg 624w, https:\/\/www.pankebuch.de\/wp-content\/uploads\/2024\/07\/mumins.jpg 1080w\" sizes=\"(max-width: 240px) 100vw, 240px\" \/><\/a><\/p>\r\n<p><span style=\"color: #333399;\"><span style=\"font-family: Tahoma, sans-serif;\"><span style=\"font-size: small;\"><b>Der dritte feste Termin in unserem Jahreskalender ist unser Mumin-Fest, in diesem Jahr am Samstag 28. September ab 14 Uhr. Auch wieder mit live Musik, Philipp Dienstag von BLAUOHR Kindermusik spielt auf. Lesen, naschen, spielen, tanzen. Willkommen, liebe Familien!<\/b><b><br \/><\/b><\/span><\/span><\/span><\/p>\r\n<div id=\"attachment_8658\" style=\"width: 310px\" class=\"wp-caption alignnone\"><a style=\"color: #333399;\" href=\"https:\/\/www.pankebuch.de\/wp-content\/uploads\/2024\/06\/tore.jpg\"><img loading=\"lazy\" decoding=\"async\" aria-describedby=\"caption-attachment-8658\" class=\"size-medium wp-image-8658\" src=\"https:\/\/www.pankebuch.de\/wp-content\/uploads\/2024\/06\/tore-300x300.jpg\" alt=\"\" width=\"300\" height=\"300\" srcset=\"https:\/\/www.pankebuch.de\/wp-content\/uploads\/2024\/06\/tore-300x300.jpg 300w, https:\/\/www.pankebuch.de\/wp-content\/uploads\/2024\/06\/tore-1024x1024.jpg 1024w, https:\/\/www.pankebuch.de\/wp-content\/uploads\/2024\/06\/tore-150x150.jpg 150w, https:\/\/www.pankebuch.de\/wp-content\/uploads\/2024\/06\/tore-768x768.jpg 768w, https:\/\/www.pankebuch.de\/wp-content\/uploads\/2024\/06\/tore-1536x1536.jpg 1536w, https:\/\/www.pankebuch.de\/wp-content\/uploads\/2024\/06\/tore-624x624.jpg 624w, https:\/\/www.pankebuch.de\/wp-content\/uploads\/2024\/06\/tore.jpg 2048w\" sizes=\"(max-width: 300px) 100vw, 300px\" \/><\/a><p id=\"caption-attachment-8658\" class=\"wp-caption-text\"><span style=\"color: #333399;\">Foto: Petter Sandell<\/span><\/p><\/div>\r\n<p><span style=\"color: #333399;\"><strong>Am Dienstag 22. Oktober, 19.30 Uhr stellt der norwegische Autor Tore Renberg seinen Roman &#8222;Die Lungenschwimmprobe&#8220; vor (\u00fcbersetzt von Ina Kronenberg und Karoline Hippe, erscheint am 23.10.24 im Luchterhand Verlag)<\/strong><\/span><\/p>\r\n<p><span style=\"color: #333399;\"><strong>Die deutschen Passagen liest die Musikerin und Schauspielerin Jasmin Tabatabai. Der Abend wird moderiert von radioEINS Literaturagent Thomas B\u00f6hm.<\/strong><\/span><\/p>\r\n<p><span style=\"color: #333399;\">Caf\u00e9 Eden, Breite Str. 43, Alt &#8211; Pankow , Karte 13 Euro via info@pankebuch.de, (Restpl\u00e4tze mit geringf\u00fcgigen Einschr\u00e4nkungen gibt es f\u00fcr 9 Euro an der Abendkasse)<\/span><\/p>\r\n<figure class=\"wp-block-gallery has-nested-images columns-default is-cropped\">\r\n<div id=\"attachment_8610\" style=\"width: 210px\" class=\"wp-caption alignnone\"><a style=\"color: #333399;\" href=\"https:\/\/www.pankebuch.de\/wp-content\/uploads\/2024\/04\/Fotos-April-2024-wir-scaled.jpg\"><img loading=\"lazy\" decoding=\"async\" aria-describedby=\"caption-attachment-8610\" class=\"size-medium wp-image-8610\" src=\"https:\/\/www.pankebuch.de\/wp-content\/uploads\/2024\/04\/Fotos-April-2024-wir-200x300.jpg\" alt=\"\" width=\"200\" height=\"300\" srcset=\"https:\/\/www.pankebuch.de\/wp-content\/uploads\/2024\/04\/Fotos-April-2024-wir-200x300.jpg 200w, https:\/\/www.pankebuch.de\/wp-content\/uploads\/2024\/04\/Fotos-April-2024-wir-683x1024.jpg 683w, https:\/\/www.pankebuch.de\/wp-content\/uploads\/2024\/04\/Fotos-April-2024-wir-768x1152.jpg 768w, https:\/\/www.pankebuch.de\/wp-content\/uploads\/2024\/04\/Fotos-April-2024-wir-1024x1536.jpg 1024w, https:\/\/www.pankebuch.de\/wp-content\/uploads\/2024\/04\/Fotos-April-2024-wir-1365x2048.jpg 1365w, https:\/\/www.pankebuch.de\/wp-content\/uploads\/2024\/04\/Fotos-April-2024-wir-624x936.jpg 624w, https:\/\/www.pankebuch.de\/wp-content\/uploads\/2024\/04\/Fotos-April-2024-wir-scaled.jpg 1707w\" sizes=\"(max-width: 200px) 100vw, 200px\" \/><\/a><p id=\"caption-attachment-8610\" class=\"wp-caption-text\"><span style=\"color: #333399;\"><em>Foto: Marlene Gawrisch<\/em><\/span><\/p><\/div>\r\n<\/figure>\r\n<p><span style=\"color: #333399;\">\r\n\r\n<\/span><\/p>\r\n<p class=\"has-blue-color has-text-color\"><span style=\"color: #333399;\"><em><strong>Auf gute Begegnungen auf unserer Bank vor dem Pankebuch und inmitten der Literatur!<\/strong><\/em><\/span><\/p>\r\n<p><span style=\"color: #333399;\"><em>\r\n\r\n<\/em><\/span><\/p>\r\n<p class=\"has-blue-color has-text-color\"><span style=\"color: #333399;\"><em><strong>Eure <\/strong><strong>Petra Wenzel und Katrin Mirtschink<\/strong><\/em><\/span><\/p>\r\n\r\n\r\n\r\n\r\n\r\n\r\n\r\n\r\n\r\n\r\n\r\n\r\n\r\n\r\n\r\n\r\n","protected":false},"excerpt":{"rendered":"<p>&nbsp; &#8230; \u00a0Sommergl\u00fcck! Dazu geh\u00f6ren nat\u00fcrlich die sch\u00f6nsten B\u00fccher des Nordens! Unsere T\u00fcr steht f\u00fcr euch von Montag bis Samstag offen, mit einer wundervollen Ausstellung und immer aktuellen B\u00fcchern zu wichtigen Themen der Zeit. Jederzeit k\u00fcmmern wir uns um die Beschaffung eurer Schul, Studien- und Fachb\u00fccher oder suchen nach vergriffenen Titeln. Und empfehlen sehr gerne [&hellip;]<\/p>\n","protected":false},"author":1,"featured_media":0,"comment_status":"closed","ping_status":"open","sticky":false,"template":"","format":"image","meta":{"footnotes":""},"categories":[1],"tags":[],"_links":{"self":[{"href":"https:\/\/www.pankebuch.de\/index.php?rest_route=\/wp\/v2\/posts\/8652"}],"collection":[{"href":"https:\/\/www.pankebuch.de\/index.php?rest_route=\/wp\/v2\/posts"}],"about":[{"href":"https:\/\/www.pankebuch.de\/index.php?rest_route=\/wp\/v2\/types\/post"}],"author":[{"embeddable":true,"href":"https:\/\/www.pankebuch.de\/index.php?rest_route=\/wp\/v2\/users\/1"}],"replies":[{"embeddable":true,"href":"https:\/\/www.pankebuch.de\/index.php?rest_route=%2Fwp%2Fv2%2Fcomments&post=8652"}],"version-history":[{"count":17,"href":"https:\/\/www.pankebuch.de\/index.php?rest_route=\/wp\/v2\/posts\/8652\/revisions"}],"predecessor-version":[{"id":8739,"href":"https:\/\/www.pankebuch.de\/index.php?rest_route=\/wp\/v2\/posts\/8652\/revisions\/8739"}],"wp:attachment":[{"href":"https:\/\/www.pankebuch.de\/index.php?rest_route=%2Fwp%2Fv2%2Fmedia&parent=8652"}],"wp:term":[{"taxonomy":"category","embeddable":true,"href":"https:\/\/www.pankebuch.de\/index.php?rest_route=%2Fwp%2Fv2%2Fcategories&post=8652"},{"taxonomy":"post_tag","embeddable":true,"href":"https:\/\/www.pankebuch.de\/index.php?rest_route=%2Fwp%2Fv2%2Ftags&post=8652"}],"curies":[{"name":"wp","href":"https:\/\/api.w.org\/{rel}","templated":true}]}}