{"id":8563,"date":"2024-02-18T14:39:24","date_gmt":"2024-02-18T13:39:24","guid":{"rendered":"https:\/\/www.pankebuch.de\/?p=8563"},"modified":"2024-02-18T14:44:59","modified_gmt":"2024-02-18T13:44:59","slug":"die-tage-werden-laenger","status":"publish","type":"post","link":"https:\/\/www.pankebuch.de\/?p=8563","title":{"rendered":"Die Tage werden l\u00e4nger&#8230;"},"content":{"rendered":"\r\n<p><span style=\"color: #0000ff;\">\u00a0<span style=\"color: #003366;\">&#8230; und weiter gilt nat\u00fcrlich Lesen, sich eine Meinung bilden und f\u00fcr Demokratie streiten &#8211; einen reich gedeckten Tisch mit ausgew\u00e4hlten Sachb\u00fcchern findet ihr immer im Pankebuch. Tag f\u00fcr Tag empfangen wir euch und freuen uns auf anregende und bereichernde Begegnungen. Auch immer wieder Samstag<span style=\"font-family: Tahoma, sans-serif;\"><span style=\"font-size: small;\"> beim Wochenendbummel entlang unserer Nordwand. Herzliche Einladung zu\u00a0 unseren vielf\u00e4ltigen Veranstaltungen. Karten via info@pankebuch.de<\/span><\/span><\/span><\/span><span style=\"color: #333333;\"><span style=\"font-family: Tahoma, sans-serif;\"><span style=\"font-size: small;\"><b><br \/><\/b><\/span><\/span><\/span><\/p>\r\n<p><span style=\"color: #003366;\"><span style=\"font-family: Tahoma, sans-serif;\"><span style=\"font-size: small;\">Jederzeit k\u00fcmmern wir uns gerne um die <\/span><\/span><span style=\"font-family: Tahoma, sans-serif;\"><span style=\"font-size: small;\">Beschaffung eurer Schul, Studien- und Fachb\u00fccher oder suchen nach vergriffenen Titeln. Und nat\u00fcrlich B\u00fccher zum Verschenken an euch und eure Liebsten. <\/span><\/span><span style=\"font-family: Tahoma, sans-serif;\"><span style=\"font-size: small;\">Bestellung<\/span><\/span><span style=\"font-family: Tahoma, sans-serif;\"><span style=\"font-size: small;\"> gern an info@pankebuch.de oder hier<\/span><\/span><\/span> <span style=\"color: #333333;\"><span style=\"font-family: Tahoma, sans-serif;\"><span style=\"font-size: small;\"><a href=\"https:\/\/www.genialokal.de\/buchhandlung\/berlin-pankow\/pankebuch\/\" target=\"_blank\" rel=\"noreferrer noopener\">www.genialokal.de\/buchhandlung\/berlin-pankow\/pankebuch\/<\/a><\/span><\/span><\/span><\/p>\r\n<p>&nbsp;<\/p>\r\n<h2><a href=\"https:\/\/www.pankebuch.de\/wp-content\/uploads\/2024\/02\/1-scaled.jpg\"><img loading=\"lazy\" decoding=\"async\" class=\"alignnone  wp-image-8564\" src=\"https:\/\/www.pankebuch.de\/wp-content\/uploads\/2024\/02\/1-300x295.jpg\" alt=\"\" width=\"226\" height=\"222\" srcset=\"https:\/\/www.pankebuch.de\/wp-content\/uploads\/2024\/02\/1-300x295.jpg 300w, https:\/\/www.pankebuch.de\/wp-content\/uploads\/2024\/02\/1-1024x1006.jpg 1024w, https:\/\/www.pankebuch.de\/wp-content\/uploads\/2024\/02\/1-768x755.jpg 768w, https:\/\/www.pankebuch.de\/wp-content\/uploads\/2024\/02\/1-1536x1509.jpg 1536w, https:\/\/www.pankebuch.de\/wp-content\/uploads\/2024\/02\/1-2048x2012.jpg 2048w, https:\/\/www.pankebuch.de\/wp-content\/uploads\/2024\/02\/1-624x613.jpg 624w\" sizes=\"(max-width: 226px) 100vw, 226px\" \/><\/a><\/h2>\r\n<h2><span style=\"color: #003366;\"><span style=\"font-family: Tahoma, sans-serif;\"><span style=\"font-size: small;\">Mitten in der Berlinale 2024 laden wir herzlich ein zu literarischen Entdeckungen!<\/span><\/span><\/span><\/h2>\r\n<h2><a href=\"https:\/\/www.pankebuch.de\/wp-content\/uploads\/2024\/02\/2-scaled.jpg\"><img loading=\"lazy\" decoding=\"async\" class=\"alignnone  wp-image-8565\" src=\"https:\/\/www.pankebuch.de\/wp-content\/uploads\/2024\/02\/2-278x300.jpg\" alt=\"\" width=\"215\" height=\"232\" srcset=\"https:\/\/www.pankebuch.de\/wp-content\/uploads\/2024\/02\/2-278x300.jpg 278w, https:\/\/www.pankebuch.de\/wp-content\/uploads\/2024\/02\/2-950x1024.jpg 950w, https:\/\/www.pankebuch.de\/wp-content\/uploads\/2024\/02\/2-768x827.jpg 768w, https:\/\/www.pankebuch.de\/wp-content\/uploads\/2024\/02\/2-1426x1536.jpg 1426w, https:\/\/www.pankebuch.de\/wp-content\/uploads\/2024\/02\/2-1901x2048.jpg 1901w, https:\/\/www.pankebuch.de\/wp-content\/uploads\/2024\/02\/2-624x672.jpg 624w\" sizes=\"(max-width: 215px) 100vw, 215px\" \/><\/a><\/h2>\r\n<p><span style=\"color: #003366;\"><span style=\"font-family: Tahoma, sans-serif;\"><span style=\"font-size: small;\">Etwas Neues k\u00f6nnt ihr bei uns finden: feinste Seifen, hergstellt in Handarbeit in der Manufaktur von Mariam Abu Rkeek aus der Negev-W\u00fcste im S\u00fcden Israels. <a href=\"http:\/\/www.umojastyle.com\/desert-daughter\" target=\"_blank\" rel=\"noopener\">www.umojastyle.com\/desert-daughter <\/a><\/span><\/span><\/span><span style=\"color: #003366;\"><span style=\"font-family: Tahoma, sans-serif;\"><span style=\"font-size: small;\">Alle Erl\u00f6se gehen zu 100 % an die Frauen. Welch ein Duft! Kommt, sie entdecken!<\/span><\/span><\/span><\/p>\r\n<p><span style=\"color: #003366;\"><strong>In diesem Monat empfiehlt euch Petra zwei B\u00fccher:<\/strong><\/span><\/p>\r\n<p><a href=\"https:\/\/www.pankebuch.de\/wp-content\/uploads\/2024\/02\/die-chronistin-der-meere-gebundene-ausgabe-patrik-svensson.jpeg\"><img loading=\"lazy\" decoding=\"async\" class=\"alignnone size-medium wp-image-8566\" src=\"https:\/\/www.pankebuch.de\/wp-content\/uploads\/2024\/02\/die-chronistin-der-meere-gebundene-ausgabe-patrik-svensson-184x300.jpeg\" alt=\"\" width=\"184\" height=\"300\" srcset=\"https:\/\/www.pankebuch.de\/wp-content\/uploads\/2024\/02\/die-chronistin-der-meere-gebundene-ausgabe-patrik-svensson-184x300.jpeg 184w, https:\/\/www.pankebuch.de\/wp-content\/uploads\/2024\/02\/die-chronistin-der-meere-gebundene-ausgabe-patrik-svensson.jpeg 200w\" sizes=\"(max-width: 184px) 100vw, 184px\" \/><\/a><\/p>\r\n<p><span style=\"color: #003366;\">Patrik Svensson &#8222;Die Chronistin der Meere&#8220;, aus dem Schwedischen von Hanna<\/span><br \/><span style=\"color: #003366;\">Granz und Thomas Altefrohne (Hanser Verlag)<\/span><\/p>\r\n<p><em><span style=\"color: #003366;\">&#8222;Wie in seinem Buch Das Evangelium der Aaale l\u00e4sst uns Patrik Svensson in<\/span><\/em><br \/><em><span style=\"color: #003366;\">die Sch\u00f6nheit der Natur eintauchen und verkn\u00fcpft dies gleicherma\u00dfen mit<\/span><\/em><br \/><span style=\"color: #003366;\"><em>einer Hommage &amp; Dank an seine Eltern. Das gef\u00e4llt mir!&#8220; <\/em><br \/><\/span><\/p>\r\n<p><a href=\"https:\/\/www.pankebuch.de\/wp-content\/uploads\/2024\/02\/fallada.jpg\"><img loading=\"lazy\" decoding=\"async\" class=\"alignnone  wp-image-8567\" src=\"https:\/\/www.pankebuch.de\/wp-content\/uploads\/2024\/02\/fallada-181x300.jpg\" alt=\"\" width=\"144\" height=\"239\" srcset=\"https:\/\/www.pankebuch.de\/wp-content\/uploads\/2024\/02\/fallada-181x300.jpg 181w, https:\/\/www.pankebuch.de\/wp-content\/uploads\/2024\/02\/fallada.jpg 220w\" sizes=\"(max-width: 144px) 100vw, 144px\" \/><\/a><\/p>\r\n<p><span style=\"color: #003366;\">Hans Fallada &#8222;Jeder stirbt f\u00fcr sich allein&#8220;, Aufbau Verlag<\/span><\/p>\r\n<p><em><span style=\"color: #003366;\">&#8222;Dieses einzigartige Panorama des Berliner Lebens in der Nazizeit ist ein<\/span><\/em><br \/><em><span style=\"color: #003366;\">Klassiker und begleitet mich seit vielen Jahren. Hans Falladas<\/span><\/em><br \/><em><span style=\"color: #003366;\">eindr\u00fcckliche und ber\u00fchrende Darstellung des Widerstands der kleinen<\/span><\/em><br \/><em><span style=\"color: #003366;\">Leute muss immer &amp; immer wieder gelesen werde. Nie wieder ist jetzt!&#8220;<\/span><\/em><\/p>\r\n<p><strong><span style=\"color: #003366;\"><span style=\"font-family: Tahoma, sans-serif;\"><span style=\"font-size: small;\">Im M\u00e4rz geht es mit unseren Veranstaltungen los, wir sehen uns!<\/span><\/span><\/span><\/strong><\/p>\r\n<p><a style=\"font-weight: bold; background-color: transparent; font-size: 1rem;\" href=\"https:\/\/www.pankebuch.de\/wp-content\/uploads\/2024\/01\/edith.jpg\"><img loading=\"lazy\" decoding=\"async\" class=\"wp-image-8523\" src=\"https:\/\/www.pankebuch.de\/wp-content\/uploads\/2024\/01\/edith.jpg\" alt=\"\" width=\"159\" height=\"212\" \/><\/a><\/p>\r\n<p>Abbildung Edith S\u00f6dergran, Verlag Matthes &amp; Seitz<\/p>\r\n<p><span style=\"color: #003366;\"><strong>Freitag 15. M\u00e4rz 19 Uhr &#8211; Vernissage &#8211; Die K\u00fcnstlerin Jana Semrau zeigt Arbeiten zum Werk der finnlandschwedischen Dichterin Edith S\u00f6dergran. Bis August im Pankebuch.<\/strong><\/span><\/p>\r\n<p><span style=\"color: #003366;\"><strong>Bis Ende Februar k\u00f6nnt ihr noch die Ausstellung von Laura und Constantin <a style=\"color: #003366;\" href=\"https:\/\/www.onthenorway.com\/\" target=\"_blank\" rel=\"noreferrer noopener\">https:\/\/www.onthenorway.com\/<\/a>\u00a0 &#8222;A Sense of Place &#8211; Feeling North&#8220; sehen,<\/strong><\/span><strong><span style=\"color: #003366;\"> wunderbare atmosph\u00e4rischen Fotografien aus Norwegen und Schweden.<\/span><br \/><\/strong><\/p>\r\n<p><a href=\"https:\/\/www.pankebuch.de\/wp-content\/uploads\/2024\/01\/lettland.jpg\"><img loading=\"lazy\" decoding=\"async\" class=\" wp-image-8524\" src=\"https:\/\/www.pankebuch.de\/wp-content\/uploads\/2024\/01\/lettland-300x300.jpg\" alt=\"\" width=\"220\" height=\"220\" srcset=\"https:\/\/www.pankebuch.de\/wp-content\/uploads\/2024\/01\/lettland-300x300.jpg 300w, https:\/\/www.pankebuch.de\/wp-content\/uploads\/2024\/01\/lettland-1024x1024.jpg 1024w, https:\/\/www.pankebuch.de\/wp-content\/uploads\/2024\/01\/lettland-150x150.jpg 150w, https:\/\/www.pankebuch.de\/wp-content\/uploads\/2024\/01\/lettland-768x768.jpg 768w, https:\/\/www.pankebuch.de\/wp-content\/uploads\/2024\/01\/lettland-1536x1536.jpg 1536w, https:\/\/www.pankebuch.de\/wp-content\/uploads\/2024\/01\/lettland-624x624.jpg 624w, https:\/\/www.pankebuch.de\/wp-content\/uploads\/2024\/01\/lettland.jpg 2048w\" sizes=\"(max-width: 220px) 100vw, 220px\" \/><\/a><\/p>\r\n<p><span style=\"color: #003366;\"><strong><span style=\"font-family: Tahoma, sans-serif;\"><span style=\"font-size: small;\">Samstag 16. M\u00e4rz 19.30 Uhr &#8211; Ein lettischer Abend<\/span><\/span><span style=\"font-family: Tahoma, sans-serif;\"><span style=\"font-size: small;\"> mit der Autorin <\/span><\/span><span style=\"font-family: Tahoma, sans-serif;\"><span style=\"font-size: small;\">Laura Vinogradova<\/span><\/span><span style=\"font-family: Tahoma, sans-serif;\"><span style=\"font-size: small;\"> und ihrem Verleger Jens Korch (Paperento Verlag), dazu die sch\u00f6nsten B\u00fccher aus Lettland. Dank an die<\/span><\/span><span style=\"font-family: Tahoma, sans-serif;\"><span style=\"font-size: small;\"> Literaturagentur<\/span><\/span> <span style=\"font-family: Tahoma, sans-serif;\"><span style=\"font-size: small;\">Riga<\/span><\/span>.<\/strong><\/span><\/p>\r\n<p><span style=\"color: #003366;\"> Die Autorin Laura Vinogradova stand mit ihrem ersten Roman <strong>\u201eWie ich lernte den Fluss zu lieben\u201c<\/strong> auf der Shortlist des Lettischen Literaturpreis und wurde mit dem Literaturpreis der Europ\u00e4ischen Union ausgezeichnet. Sie erz\u00e4hlt die ber\u00fchrende Geschichte von Rute, die nach dem Tod ihres Vaters, den sie nie kennenlernte aufs Land fl\u00fcchtet.<\/span><\/p>\r\n<p><span style=\"color: #003366;\"> <strong><span style=\"font-family: Tahoma, sans-serif;\"><span style=\"font-size: small;\">I<\/span><\/span><span style=\"font-family: Tahoma, sans-serif;\"><span style=\"font-size: small;\">m Caf\u00e9 Eden, Breite Str. 43, Alt-Pankow, Karte 10 Euro via info@pankebuch.de<\/span><\/span><\/strong><\/span><\/p>\r\n<div id=\"attachment_8527\" style=\"width: 238px\" class=\"wp-caption alignnone\"><a href=\"https:\/\/www.pankebuch.de\/wp-content\/uploads\/2024\/01\/tilman-buenz.jpg\"><img loading=\"lazy\" decoding=\"async\" aria-describedby=\"caption-attachment-8527\" class=\"wp-image-8527\" src=\"https:\/\/www.pankebuch.de\/wp-content\/uploads\/2024\/01\/tilman-buenz-300x300.jpg\" alt=\"\" width=\"228\" height=\"228\" srcset=\"https:\/\/www.pankebuch.de\/wp-content\/uploads\/2024\/01\/tilman-buenz-300x300.jpg 300w, https:\/\/www.pankebuch.de\/wp-content\/uploads\/2024\/01\/tilman-buenz-1024x1024.jpg 1024w, https:\/\/www.pankebuch.de\/wp-content\/uploads\/2024\/01\/tilman-buenz-150x150.jpg 150w, https:\/\/www.pankebuch.de\/wp-content\/uploads\/2024\/01\/tilman-buenz-768x768.jpg 768w, https:\/\/www.pankebuch.de\/wp-content\/uploads\/2024\/01\/tilman-buenz-1536x1536.jpg 1536w, https:\/\/www.pankebuch.de\/wp-content\/uploads\/2024\/01\/tilman-buenz-624x624.jpg 624w, https:\/\/www.pankebuch.de\/wp-content\/uploads\/2024\/01\/tilman-buenz.jpg 2048w\" sizes=\"(max-width: 228px) 100vw, 228px\" \/><\/a><p id=\"caption-attachment-8527\" class=\"wp-caption-text\">Foto: Sara Arnald<\/p><\/div>\r\n<p><span style=\"color: #003366;\"><span style=\"font-family: Tahoma, sans-serif;\"><span style=\"font-size: small;\"><b>Freitag 19. April 19.30 Uhr &#8211; Zum wiederholten Mal besucht uns der Skandinavienexperte und Autor Tilman B\u00fcnz<\/b><\/span><\/span><span style=\"font-family: Tahoma, sans-serif;\"><span style=\"font-size: small;\"> und stellt sein neues Buch &#8222;<\/span><\/span><span style=\"font-family: Tahoma, sans-serif;\"><span style=\"font-size: small;\"><b>Vorfahrt f\u00fcr Rentiere&#8220;<\/b><\/span><\/span><span style=\"font-family: Tahoma, sans-serif;\"><span style=\"font-size: small;\"> (btb Verlag) vor. Illustriert wird der Abend durch <\/span><\/span><span style=\"font-family: Tahoma, sans-serif;\"><span style=\"font-size: small;\">Filmdokumente aus S\u00e1pmi. <\/span><\/span><\/span><\/p>\r\n<p><span style=\"color: #003366;\"><strong>Im Caf\u00e9 Eden, Breite Str. 43, Alt-Pankow, Karte 10 Euro via info@pankebuch.de<\/strong><\/span><\/p>\r\n<p><a href=\"https:\/\/www.pankebuch.de\/wp-content\/uploads\/2024\/01\/comic.jpg\"><img loading=\"lazy\" decoding=\"async\" class=\" wp-image-8529\" src=\"https:\/\/www.pankebuch.de\/wp-content\/uploads\/2024\/01\/comic-300x300.jpg\" alt=\"\" width=\"258\" height=\"258\" srcset=\"https:\/\/www.pankebuch.de\/wp-content\/uploads\/2024\/01\/comic-300x300.jpg 300w, https:\/\/www.pankebuch.de\/wp-content\/uploads\/2024\/01\/comic-1024x1024.jpg 1024w, https:\/\/www.pankebuch.de\/wp-content\/uploads\/2024\/01\/comic-150x150.jpg 150w, https:\/\/www.pankebuch.de\/wp-content\/uploads\/2024\/01\/comic-768x768.jpg 768w, https:\/\/www.pankebuch.de\/wp-content\/uploads\/2024\/01\/comic-1536x1536.jpg 1536w, https:\/\/www.pankebuch.de\/wp-content\/uploads\/2024\/01\/comic-624x624.jpg 624w, https:\/\/www.pankebuch.de\/wp-content\/uploads\/2024\/01\/comic.jpg 2048w\" sizes=\"(max-width: 258px) 100vw, 258px\" \/><\/a><\/p>\r\n<p><span style=\"color: #003366;\"><span style=\"font-family: Tahoma, sans-serif;\"><span style=\"font-size: small;\"><b>Und danach hinein in den PANKEBUCH COMICTAG<\/b><\/span><\/span><span style=\"font-family: Tahoma, sans-serif;\"><span style=\"font-size: small;\"><strong> mit<\/strong> <\/span><\/span><span style=\"font-family: Tahoma, sans-serif;\"><span style=\"font-size: small;\"><b>mawil und Sandra Rummler<\/b><\/span><\/span><strong><span style=\"font-family: Tahoma, sans-serif;\"><span style=\"font-size: small;\"> und all ihren Sch\u00e4tzen. Lesung mit <\/span><\/span><\/strong><span style=\"font-family: Tahoma, sans-serif;\"><span style=\"font-size: small;\"><b>Leinwandshow. Wenn m\u00f6glich auch im Vorgarten. <\/b><\/span><\/span><\/span><\/p>\r\n<p><span style=\"color: #003366;\"><strong><span style=\"font-family: Tahoma, sans-serif;\"><span style=\"font-size: small;\">Samstag 20. April 14 Uhr,<\/span><\/span><span style=\"font-family: Tahoma, sans-serif;\"><span style=\"font-size: small;\">\u00a0Karte 10 Euro via info@pankebuch.de<\/span><\/span><\/strong><\/span><\/p>\r\n<div id=\"attachment_8530\" style=\"width: 293px\" class=\"wp-caption alignnone\"><a href=\"https:\/\/www.pankebuch.de\/wp-content\/uploads\/2024\/01\/trude.jpg\"><img loading=\"lazy\" decoding=\"async\" aria-describedby=\"caption-attachment-8530\" class=\"wp-image-8530\" src=\"https:\/\/www.pankebuch.de\/wp-content\/uploads\/2024\/01\/trude-300x300.jpg\" alt=\"\" width=\"283\" height=\"283\" srcset=\"https:\/\/www.pankebuch.de\/wp-content\/uploads\/2024\/01\/trude-300x300.jpg 300w, https:\/\/www.pankebuch.de\/wp-content\/uploads\/2024\/01\/trude-1024x1024.jpg 1024w, https:\/\/www.pankebuch.de\/wp-content\/uploads\/2024\/01\/trude-150x150.jpg 150w, https:\/\/www.pankebuch.de\/wp-content\/uploads\/2024\/01\/trude-768x768.jpg 768w, https:\/\/www.pankebuch.de\/wp-content\/uploads\/2024\/01\/trude-1536x1536.jpg 1536w, https:\/\/www.pankebuch.de\/wp-content\/uploads\/2024\/01\/trude-624x624.jpg 624w, https:\/\/www.pankebuch.de\/wp-content\/uploads\/2024\/01\/trude.jpg 2048w\" sizes=\"(max-width: 283px) 100vw, 283px\" \/><\/a><p id=\"caption-attachment-8530\" class=\"wp-caption-text\">Foto: Oda Berby<\/p><\/div>\r\n<p><span style=\"color: #003366;\"><span style=\"font-family: Tahoma, sans-serif;\"><span style=\"font-size: small;\"><b>Dienstag 23. April 19.30 Uhr &#8211; Schon ihr Roman &#8222;Als Gro\u00dfmutter im Regen tanzte&#8220; begeisterte uns. Nun d\u00fcrfen wir die norwegische Autorin Trude Teige mit ihrem n<\/b><\/span><\/span><strong><span style=\"font-family: Tahoma, sans-serif;\"><span style=\"font-size: small;\">euen Werk <\/span><\/span><\/strong><span style=\"font-family: Tahoma, sans-serif;\"><span style=\"font-size: small;\"><b>\u201eUnd Gro\u00dfvater atmete mit den Wellen\u201c<\/b><\/span><\/span><span style=\"font-family: Tahoma, sans-serif;\"><span style=\"font-size: small;\"><strong> bei uns begr\u00fc\u00dfen. Ihr \u00dcbersetzer G\u00fcnther Frauenlob begleitet die Autorin und moderiert diesen Abend (S.Fischer Verlag).<\/strong> <br \/><\/span><\/span><\/span><\/p>\r\n<p><span style=\"color: #003366;\"><strong>Im Caf\u00e9 Eden, Breite Str. 43, Alt-Pankow, Karte 12 Euro via info@pankebuch.de<\/strong><\/span><\/p>\r\n<div id=\"attachment_8532\" style=\"width: 278px\" class=\"wp-caption alignnone\"><a href=\"https:\/\/www.pankebuch.de\/wp-content\/uploads\/2024\/01\/holger.jpg\"><img loading=\"lazy\" decoding=\"async\" aria-describedby=\"caption-attachment-8532\" class=\" wp-image-8532\" src=\"https:\/\/www.pankebuch.de\/wp-content\/uploads\/2024\/01\/holger-300x300.jpg\" alt=\"\" width=\"268\" height=\"268\" srcset=\"https:\/\/www.pankebuch.de\/wp-content\/uploads\/2024\/01\/holger-300x300.jpg 300w, https:\/\/www.pankebuch.de\/wp-content\/uploads\/2024\/01\/holger-1024x1024.jpg 1024w, https:\/\/www.pankebuch.de\/wp-content\/uploads\/2024\/01\/holger-150x150.jpg 150w, https:\/\/www.pankebuch.de\/wp-content\/uploads\/2024\/01\/holger-768x768.jpg 768w, https:\/\/www.pankebuch.de\/wp-content\/uploads\/2024\/01\/holger-1536x1536.jpg 1536w, https:\/\/www.pankebuch.de\/wp-content\/uploads\/2024\/01\/holger-624x624.jpg 624w, https:\/\/www.pankebuch.de\/wp-content\/uploads\/2024\/01\/holger.jpg 2048w\" sizes=\"(max-width: 268px) 100vw, 268px\" \/><\/a><p id=\"caption-attachment-8532\" class=\"wp-caption-text\">Processed with MOLDIV<\/p><\/div>\r\n<p><span style=\"color: #003366;\"><span style=\"font-family: Tahoma, sans-serif;\"><span style=\"font-size: small;\"><b>Freitag 26. April 19.30 Uhr &#8211; Unser treuer Freund Holger Teschke, Regisseur, Dozent und Autor, ver\u00f6ffentlicht nun bereits den zweiten Band in der <\/b><\/span><\/span><strong><span style=\"font-family: Tahoma, sans-serif;\"><span style=\"font-size: small;\">Reihe <\/span><\/span><span style=\"font-family: Tahoma, sans-serif;\"><span style=\"font-size: small;\">NATURKUNDEN<\/span><\/span><span style=\"font-family: Tahoma, sans-serif;\"><span style=\"font-size: small;\"> im Verlag Matthes &amp; Seitz. Nach den &#8222;Heringen&#8220; bringt er uns nun die &#8222;M\u00f6wen&#8220; in all ihren Facetten nahe. <\/span><\/span><\/strong><span style=\"font-family: Tahoma, sans-serif;\"><span style=\"font-size: small;\"><strong>H\u00f6rt, wie sie rufen und folgt gerne unserer Einladung.<\/strong><\/span><\/span><\/span><\/p>\r\n<p><span style=\"color: #003366;\"><strong><span style=\"font-size: 1rem;\">Im Caf\u00e9 Eden, Breite Str. 43, Alt-Pankow, Karte 10 Euro via info@pankebuch.de<\/span><\/strong><\/span><\/p>\r\n<p><a href=\"https:\/\/www.pankebuch.de\/wp-content\/uploads\/2024\/01\/Astrid_Lindgren.jpg\"><img loading=\"lazy\" decoding=\"async\" class=\"alignnone  wp-image-8533\" src=\"https:\/\/www.pankebuch.de\/wp-content\/uploads\/2024\/01\/Astrid_Lindgren-300x225.jpg\" alt=\"\" width=\"269\" height=\"202\" srcset=\"https:\/\/www.pankebuch.de\/wp-content\/uploads\/2024\/01\/Astrid_Lindgren-300x225.jpg 300w, https:\/\/www.pankebuch.de\/wp-content\/uploads\/2024\/01\/Astrid_Lindgren.jpg 510w\" sizes=\"(max-width: 269px) 100vw, 269px\" \/><\/a><\/p>\r\n<p><span style=\"color: #003366;\"><span style=\"font-family: Tahoma, sans-serif;\"><span style=\"font-size: small;\"><b>Zu unserem traditionellen <\/b><\/span><\/span><\/span><span style=\"color: #333333;\"><span style=\"font-family: Tahoma, sans-serif;\"><span style=\"font-size: small;\"><span style=\"color: #003366;\"><b>Astrid-Lindgren-Fest laden wir euch am Samstag, 25. Mai ab 14 Uhr ein. Lasst euch von einem bunten Programm \u00fcberraschen.<\/b><strong> (Eintritt frei, wir freuen uns \u00fcber Spenden)<\/strong><\/span><b><br \/><\/b><\/span><\/span><\/span><\/p>\r\n<p><a href=\"https:\/\/www.pankebuch.de\/wp-content\/uploads\/2024\/02\/midsommar.jpg\"><img loading=\"lazy\" decoding=\"async\" class=\"alignnone  wp-image-8568\" src=\"https:\/\/www.pankebuch.de\/wp-content\/uploads\/2024\/02\/midsommar-300x300.jpg\" alt=\"\" width=\"250\" height=\"250\" srcset=\"https:\/\/www.pankebuch.de\/wp-content\/uploads\/2024\/02\/midsommar-300x300.jpg 300w, https:\/\/www.pankebuch.de\/wp-content\/uploads\/2024\/02\/midsommar-1024x1024.jpg 1024w, https:\/\/www.pankebuch.de\/wp-content\/uploads\/2024\/02\/midsommar-150x150.jpg 150w, https:\/\/www.pankebuch.de\/wp-content\/uploads\/2024\/02\/midsommar-768x768.jpg 768w, https:\/\/www.pankebuch.de\/wp-content\/uploads\/2024\/02\/midsommar-624x624.jpg 624w, https:\/\/www.pankebuch.de\/wp-content\/uploads\/2024\/02\/midsommar.jpg 1066w\" sizes=\"(max-width: 250px) 100vw, 250px\" \/><\/a><\/p>\r\n<p><span style=\"color: #003366;\"><strong>Samstag 22. Juni ab 14 Uhr feiern wir nat\u00fcrlich MITTSOMMER mit euch hier im Pankebuch-Vorgarten. Mit allem DRUM &amp; DRAN. Lesen, Musik, Godis und Kr\u00e4nze flechten. (Eintritt frei, wir freuen uns \u00fcber Spenden)<br \/><\/strong><\/span><\/p>\r\n<p><a href=\"https:\/\/www.pankebuch.de\/wp-content\/uploads\/2024\/01\/mumin-scaled.jpg\"><img loading=\"lazy\" decoding=\"async\" class=\"alignnone  wp-image-8535\" src=\"https:\/\/www.pankebuch.de\/wp-content\/uploads\/2024\/01\/mumin-300x300.jpg\" alt=\"\" width=\"268\" height=\"268\" srcset=\"https:\/\/www.pankebuch.de\/wp-content\/uploads\/2024\/01\/mumin-300x300.jpg 300w, https:\/\/www.pankebuch.de\/wp-content\/uploads\/2024\/01\/mumin-1024x1024.jpg 1024w, https:\/\/www.pankebuch.de\/wp-content\/uploads\/2024\/01\/mumin-150x150.jpg 150w, https:\/\/www.pankebuch.de\/wp-content\/uploads\/2024\/01\/mumin-768x768.jpg 768w, https:\/\/www.pankebuch.de\/wp-content\/uploads\/2024\/01\/mumin-1536x1536.jpg 1536w, https:\/\/www.pankebuch.de\/wp-content\/uploads\/2024\/01\/mumin-2048x2048.jpg 2048w, https:\/\/www.pankebuch.de\/wp-content\/uploads\/2024\/01\/mumin-624x624.jpg 624w\" sizes=\"(max-width: 268px) 100vw, 268px\" \/><\/a><\/p>\r\n<p><span style=\"color: #333333;\"><span style=\"font-family: Tahoma, sans-serif;\"><span style=\"font-size: small;\"><span style=\"color: #003366;\"><b>Der zweite feste Termin in unserem Jahreskalender ist unser Mumin-Fest, in diesem Jahr am Samstag 28. September ab 14 Uhr.<\/b><\/span><b><br \/><\/b><\/span><\/span><\/span><\/p>\r\n\r\n\r\n\r\n\r\n\r\n<p>&nbsp;<\/p>\r\n\r\n<figure class=\"wp-block-gallery has-nested-images columns-default is-cropped\">\r\n<figure class=\"wp-block-image size-large\"><a href=\"https:\/\/www.pankebuch.de\/wp-content\/uploads\/2023\/10\/felleshus.jpg\"><img loading=\"lazy\" decoding=\"async\" width=\"766\" height=\"262\" class=\"wp-image-8419\" src=\"https:\/\/www.pankebuch.de\/wp-content\/uploads\/2023\/10\/felleshus.jpg\" alt=\"\" srcset=\"https:\/\/www.pankebuch.de\/wp-content\/uploads\/2023\/10\/felleshus.jpg 766w, https:\/\/www.pankebuch.de\/wp-content\/uploads\/2023\/10\/felleshus-300x103.jpg 300w, https:\/\/www.pankebuch.de\/wp-content\/uploads\/2023\/10\/felleshus-624x213.jpg 624w\" sizes=\"(max-width: 766px) 100vw, 766px\" \/><\/a><\/figure>\r\n<\/figure>\r\n<!-- \/wp:gallery -->\r\n<p>&nbsp;<\/p>\r\n<!-- wp:paragraph {\"textColor\":\"blue\"} -->\r\n<p class=\"has-blue-color has-text-color\"><strong><span style=\"color: #003366;\">Als Partnerbuchhandlung der Nordischen Botschaften m\u00f6chten wir auf das reiche Programm dort hinweisen und empfehlen den Newsletter auf<\/span> <a href=\"http:\/\/www.nordischebotschaften.org.\/\" target=\"_blank\" rel=\"noreferrer noopener\">www.nordischebotschaf<\/a><a href=\"http:\/\/www.nordischebotschaften.org.\/\">ten.org.\u00a0<\/a><\/strong><\/p>\r\n<!-- \/wp:paragraph -->\r\n\r\n<!-- wp:paragraph --><!-- \/wp:paragraph -->\r\n\r\n<!-- wp:image {\"id\":8505,\"sizeSlug\":\"full\",\"linkDestination\":\"media\"} -->\r\n<figure class=\"wp-block-image size-full\"><\/figure>\r\n<!-- \/wp:image --><!-- \/wp:paragraph -->\r\n<p>&nbsp;<\/p>\r\n<!-- wp:paragraph {\"textColor\":\"blue\"} --><!-- \/wp:paragraph -->\r\n\r\n<!-- wp:image {\"id\":8506,\"sizeSlug\":\"large\",\"linkDestination\":\"media\"} -->\r\n<figure class=\"wp-block-image size-large\"><\/figure>\r\n<!-- \/wp:image -->\r\n\r\n<!-- wp:paragraph {\"textColor\":\"blue\"} --><!-- \/wp:image -->\r\n\r\n<!-- wp:paragraph {\"textColor\":\"blue\"} --><!-- \/wp:paragraph -->\r\n\r\n<!-- wp:image --><!-- \/wp:image -->\r\n\r\n<!-- wp:paragraph {\"textColor\":\"blue\"} --><!-- \/wp:paragraph -->\r\n\r\n<!-- wp:image {\"id\":8461,\"width\":464,\"height\":348,\"sizeSlug\":\"full\",\"linkDestination\":\"media\"} --><!-- \/wp:image -->\r\n\r\n<!-- wp:paragraph {\"textColor\":\"blue\"} --><!-- \/wp:paragraph -->\r\n\r\n<!-- wp:image {\"id\":8083,\"width\":259,\"height\":172,\"sizeSlug\":\"large\",\"linkDestination\":\"media\"} -->\r\n<figure class=\"wp-block-image size-large is-resized\"><a href=\"https:\/\/www.pankebuch.de\/wp-content\/uploads\/2024\/01\/kw6.jpg\"><img loading=\"lazy\" decoding=\"async\" class=\"alignnone size-medium wp-image-8536\" src=\"https:\/\/www.pankebuch.de\/wp-content\/uploads\/2024\/01\/kw6-300x300.jpg\" alt=\"\" width=\"300\" height=\"300\" srcset=\"https:\/\/www.pankebuch.de\/wp-content\/uploads\/2024\/01\/kw6-300x300.jpg 300w, https:\/\/www.pankebuch.de\/wp-content\/uploads\/2024\/01\/kw6-150x150.jpg 150w, https:\/\/www.pankebuch.de\/wp-content\/uploads\/2024\/01\/kw6.jpg 480w\" sizes=\"(max-width: 300px) 100vw, 300px\" \/><\/a><br \/>\r\n<figcaption class=\"wp-element-caption\"><strong>Foto: Marlene Gawrisch<\/strong><\/figcaption>\r\n<\/figure>\r\n<!-- \/wp:image -->\r\n<p>&nbsp;<\/p>\r\n<!-- wp:paragraph -->\r\n<p class=\"has-blue-color has-text-color\"><span style=\"color: #003366;\"><strong>Auf herzerw\u00e4rmende Begegnungen in diesem Jahr!<\/strong><\/span><\/p>\r\n<p><span style=\"color: #003366;\"><!-- \/wp:paragraph -->\r\n\r\n<!-- wp:paragraph {\"textColor\":\"blue\"} --><\/span><\/p>\r\n<p class=\"has-blue-color has-text-color\"><span style=\"color: #003366;\"><strong>Eure <\/strong><strong>Petra Wenzel, Kathleen Hilke und Katrin Mirtschink<\/strong><\/span><\/p>\r\n<!-- \/wp:paragraph -->\r\n<p>&nbsp;<\/p>\r\n<!-- wp:paragraph -->\r\n<p>&nbsp;<\/p>\r\n<!-- \/wp:paragraph -->\r\n<p>&nbsp;<\/p>\r\n<!-- wp:paragraph -->\r\n<p>&nbsp;<\/p>\r\n<!-- \/wp:paragraph -->\r\n<p>&nbsp;<\/p>\r\n<!-- wp:paragraph -->\r\n<p>&nbsp;<\/p>\r\n<!-- \/wp:paragraph -->\r\n<p>&nbsp;<\/p>\r\n<!-- wp:paragraph -->\r\n<p>&nbsp;<\/p>\r\n<!-- \/wp:paragraph -->\r\n<p>&nbsp;<\/p>\r\n<!-- wp:paragraph {\"textColor\":\"blue\"} -->\r\n<p class=\"has-blue-color has-text-color\">\u00a0<\/p>\r\n<!-- \/wp:paragraph -->\r\n<p>&nbsp;<\/p>\r\n<!-- wp:paragraph -->\r\n<p>&nbsp;<\/p>\r\n<!-- \/wp:paragraph -->\r\n<p>&nbsp;<\/p>\r\n<!-- wp:paragraph -->\r\n<p>&nbsp;<\/p>\r\n<!-- \/wp:paragraph -->\r\n<p>&nbsp;<\/p>\r\n<!-- wp:paragraph {\"textColor\":\"blue\"} -->\r\n<p class=\"has-blue-color has-text-color\">\u00a0<\/p>\r\n<!-- \/wp:paragraph -->","protected":false},"excerpt":{"rendered":"<p>\u00a0&#8230; und weiter gilt nat\u00fcrlich Lesen, sich eine Meinung bilden und f\u00fcr Demokratie streiten &#8211; einen reich gedeckten Tisch mit ausgew\u00e4hlten Sachb\u00fcchern findet ihr immer im Pankebuch. Tag f\u00fcr Tag empfangen wir euch und freuen uns auf anregende und bereichernde Begegnungen. Auch immer wieder Samstag beim Wochenendbummel entlang unserer Nordwand. Herzliche Einladung zu\u00a0 unseren vielf\u00e4ltigen [&hellip;]<\/p>\n","protected":false},"author":1,"featured_media":0,"comment_status":"closed","ping_status":"open","sticky":false,"template":"","format":"image","meta":{"footnotes":""},"categories":[1],"tags":[],"_links":{"self":[{"href":"https:\/\/www.pankebuch.de\/index.php?rest_route=\/wp\/v2\/posts\/8563"}],"collection":[{"href":"https:\/\/www.pankebuch.de\/index.php?rest_route=\/wp\/v2\/posts"}],"about":[{"href":"https:\/\/www.pankebuch.de\/index.php?rest_route=\/wp\/v2\/types\/post"}],"author":[{"embeddable":true,"href":"https:\/\/www.pankebuch.de\/index.php?rest_route=\/wp\/v2\/users\/1"}],"replies":[{"embeddable":true,"href":"https:\/\/www.pankebuch.de\/index.php?rest_route=%2Fwp%2Fv2%2Fcomments&post=8563"}],"version-history":[{"count":3,"href":"https:\/\/www.pankebuch.de\/index.php?rest_route=\/wp\/v2\/posts\/8563\/revisions"}],"predecessor-version":[{"id":8574,"href":"https:\/\/www.pankebuch.de\/index.php?rest_route=\/wp\/v2\/posts\/8563\/revisions\/8574"}],"wp:attachment":[{"href":"https:\/\/www.pankebuch.de\/index.php?rest_route=%2Fwp%2Fv2%2Fmedia&parent=8563"}],"wp:term":[{"taxonomy":"category","embeddable":true,"href":"https:\/\/www.pankebuch.de\/index.php?rest_route=%2Fwp%2Fv2%2Fcategories&post=8563"},{"taxonomy":"post_tag","embeddable":true,"href":"https:\/\/www.pankebuch.de\/index.php?rest_route=%2Fwp%2Fv2%2Ftags&post=8563"}],"curies":[{"name":"wp","href":"https:\/\/api.w.org\/{rel}","templated":true}]}}