{"id":8413,"date":"2023-11-05T18:58:38","date_gmt":"2023-11-05T17:58:38","guid":{"rendered":"https:\/\/www.pankebuch.de\/?p=8413"},"modified":"2023-11-05T18:58:40","modified_gmt":"2023-11-05T17:58:40","slug":"gegen-den-novemberblues","status":"publish","type":"post","link":"https:\/\/www.pankebuch.de\/?p=8413","title":{"rendered":"Gegen den Novemberblues"},"content":{"rendered":"\n<p class=\"has-blue-color has-text-color\">&#8230; eine gro\u00dfe Freude! Wir gratulieren JON FOSSE zum Literaturnobelpreis und empfehlen aus dem mare Verlag<\/p>\n\n\n\n<figure class=\"wp-block-image size-full is-resized\"><a href=\"https:\/\/www.pankebuch.de\/wp-content\/uploads\/2023\/10\/fosse-alise.png\"><img loading=\"lazy\" decoding=\"async\" src=\"https:\/\/www.pankebuch.de\/wp-content\/uploads\/2023\/10\/fosse-alise.png\" alt=\"\" class=\"wp-image-8423\" width=\"164\" height=\"266\" srcset=\"https:\/\/www.pankebuch.de\/wp-content\/uploads\/2023\/10\/fosse-alise.png 500w, https:\/\/www.pankebuch.de\/wp-content\/uploads\/2023\/10\/fosse-alise-185x300.png 185w\" sizes=\"(max-width: 164px) 100vw, 164px\" \/><\/a><\/figure>\n\n\n\n<p class=\"has-blue-color has-text-color\">Der Pankebuch-Lesekreis besch\u00e4ftigt sich im Dezember mit dem Werk des norwegischen Autors.<\/p>\n\n\n\n<p class=\"has-blue-color has-text-color\">Heute schauen wir mit unserem Programm schon bis zum Ende 2023. Gute Lekt\u00fcre Tag f\u00fcr Tag. Sachbuchtisch mit LESEN, EINMISCHEN, POSITIONIEREN&#8230;Findet eure Lieblingsb\u00fccher und bestellt via info@pankebuch.de oder in unserem Shop. Online bestellen und in der Buchhandlung abholen. <a rel=\"noreferrer noopener\" href=\"https:\/\/www.genialokal.de\/buchhandlung\/berlin-pankow\/pankebuch\/\" target=\"_blank\">www.genialokal.de\/buchhandlung\/berlin-pankow\/pankebuch\/<\/a> <\/p>\n\n\n\n<figure class=\"wp-block-image size-large is-resized\"><a href=\"https:\/\/www.pankebuch.de\/wp-content\/uploads\/2023\/10\/extra2-scaled.jpg\"><img loading=\"lazy\" decoding=\"async\" src=\"https:\/\/www.pankebuch.de\/wp-content\/uploads\/2023\/10\/extra2-1024x970.jpg\" alt=\"\" class=\"wp-image-8420\" width=\"237\" height=\"224\" srcset=\"https:\/\/www.pankebuch.de\/wp-content\/uploads\/2023\/10\/extra2-1024x970.jpg 1024w, https:\/\/www.pankebuch.de\/wp-content\/uploads\/2023\/10\/extra2-300x284.jpg 300w, https:\/\/www.pankebuch.de\/wp-content\/uploads\/2023\/10\/extra2-768x728.jpg 768w, https:\/\/www.pankebuch.de\/wp-content\/uploads\/2023\/10\/extra2-1536x1456.jpg 1536w, https:\/\/www.pankebuch.de\/wp-content\/uploads\/2023\/10\/extra2-2048x1941.jpg 2048w, https:\/\/www.pankebuch.de\/wp-content\/uploads\/2023\/10\/extra2-624x591.jpg 624w\" sizes=\"(max-width: 237px) 100vw, 237px\" \/><\/a><\/figure>\n\n\n\n<figure class=\"wp-block-image size-large is-resized\"><a href=\"https:\/\/www.pankebuch.de\/wp-content\/uploads\/2023\/10\/extra1-scaled.jpg\"><img loading=\"lazy\" decoding=\"async\" src=\"https:\/\/www.pankebuch.de\/wp-content\/uploads\/2023\/10\/extra1-1024x1024.jpg\" alt=\"\" class=\"wp-image-8421\" width=\"239\" height=\"239\" srcset=\"https:\/\/www.pankebuch.de\/wp-content\/uploads\/2023\/10\/extra1-1024x1024.jpg 1024w, https:\/\/www.pankebuch.de\/wp-content\/uploads\/2023\/10\/extra1-300x300.jpg 300w, https:\/\/www.pankebuch.de\/wp-content\/uploads\/2023\/10\/extra1-150x150.jpg 150w, https:\/\/www.pankebuch.de\/wp-content\/uploads\/2023\/10\/extra1-768x768.jpg 768w, https:\/\/www.pankebuch.de\/wp-content\/uploads\/2023\/10\/extra1-1536x1536.jpg 1536w, https:\/\/www.pankebuch.de\/wp-content\/uploads\/2023\/10\/extra1-2048x2048.jpg 2048w, https:\/\/www.pankebuch.de\/wp-content\/uploads\/2023\/10\/extra1-624x624.jpg 624w\" sizes=\"(max-width: 239px) 100vw, 239px\" \/><\/a><\/figure>\n\n\n\n<p class=\"has-blue-color has-text-color\">Viele Male sind wir als Partnerbuchhandlung der Nordischen Botschaften mit unseren B\u00fcchertischen bei Lesungen im Felleshus zu Gast. Seid ihr auch unsere G\u00e4ste! Das Programm findet ihr auf<a rel=\"noreferrer noopener\" href=\"http:\/\/www.nordischebotschaften.org.\" data-type=\"URL\" data-id=\"www.nordischebotschaften.org.\" target=\"_blank\"> www.nordischebotschaf<\/a><a href=\"http:\/\/www.nordischebotschaften.org.\" data-type=\"URL\" data-id=\"www.nordischebotschaften.org.\">ten.org.<\/a><\/p>\n\n\n\n<figure class=\"wp-block-gallery has-nested-images columns-default is-cropped wp-block-gallery-1 is-layout-flex wp-block-gallery-is-layout-flex\">\n<figure class=\"wp-block-image size-large\"><a href=\"https:\/\/www.pankebuch.de\/wp-content\/uploads\/2023\/10\/felleshus.jpg\"><img loading=\"lazy\" decoding=\"async\" width=\"766\" height=\"262\" data-id=\"8419\" src=\"https:\/\/www.pankebuch.de\/wp-content\/uploads\/2023\/10\/felleshus.jpg\" alt=\"\" class=\"wp-image-8419\" srcset=\"https:\/\/www.pankebuch.de\/wp-content\/uploads\/2023\/10\/felleshus.jpg 766w, https:\/\/www.pankebuch.de\/wp-content\/uploads\/2023\/10\/felleshus-300x103.jpg 300w, https:\/\/www.pankebuch.de\/wp-content\/uploads\/2023\/10\/felleshus-624x213.jpg 624w\" sizes=\"(max-width: 766px) 100vw, 766px\" \/><\/a><\/figure>\n<\/figure>\n\n\n\n<p class=\"has-blue-color has-text-color\"><strong>A Sense of Place &#8211; Feeling North. Laura und Constantin <\/strong><a rel=\"noreferrer noopener\" href=\"https:\/\/www.onthenorway.com\/\" target=\"_blank\">https:\/\/www.onthenorway.com\/<\/a><strong>. Wir zeigen ihre wunderbaren atmosph\u00e4rischen Fotografien aus Norwegen und Schweden bis Februar 2024!<\/strong> <\/p>\n\n\n\n<figure class=\"wp-block-image size-large is-resized\"><a href=\"https:\/\/www.pankebuch.de\/wp-content\/uploads\/2023\/10\/onthenorway.jpg\"><img loading=\"lazy\" decoding=\"async\" src=\"https:\/\/www.pankebuch.de\/wp-content\/uploads\/2023\/10\/onthenorway-1024x1024.jpg\" alt=\"\" class=\"wp-image-8418\" width=\"281\" height=\"281\" srcset=\"https:\/\/www.pankebuch.de\/wp-content\/uploads\/2023\/10\/onthenorway-1024x1024.jpg 1024w, https:\/\/www.pankebuch.de\/wp-content\/uploads\/2023\/10\/onthenorway-300x300.jpg 300w, https:\/\/www.pankebuch.de\/wp-content\/uploads\/2023\/10\/onthenorway-150x150.jpg 150w, https:\/\/www.pankebuch.de\/wp-content\/uploads\/2023\/10\/onthenorway-768x768.jpg 768w, https:\/\/www.pankebuch.de\/wp-content\/uploads\/2023\/10\/onthenorway-624x624.jpg 624w, https:\/\/www.pankebuch.de\/wp-content\/uploads\/2023\/10\/onthenorway.jpg 1080w\" sizes=\"(max-width: 281px) 100vw, 281px\" \/><\/a><\/figure>\n\n\n\n<p class=\"has-blue-color has-text-color\">Die <strong>Kalendersaison<\/strong> <strong>2024 <\/strong>ist in vollem Gange. Wir haben eine feine Auswahl f\u00fcr euch im Pankebuch &#8211; sehr maritim! Und bestellen nat\u00fcrlich genau eure Lieblingskalender f\u00fcrs Zuhause und zum Verschenken. Wie w\u00e4re es mit diesem Schatz?<\/p>\n\n\n\n<figure class=\"wp-block-image size-large is-resized\"><a href=\"https:\/\/www.pankebuch.de\/wp-content\/uploads\/2023\/10\/kalender-mare.webp\"><img loading=\"lazy\" decoding=\"async\" src=\"https:\/\/www.pankebuch.de\/wp-content\/uploads\/2023\/10\/kalender-mare.webp\" alt=\"\" class=\"wp-image-8424\" width=\"301\" height=\"301\" srcset=\"https:\/\/www.pankebuch.de\/wp-content\/uploads\/2023\/10\/kalender-mare.webp 760w, https:\/\/www.pankebuch.de\/wp-content\/uploads\/2023\/10\/kalender-mare-300x300.webp 300w, https:\/\/www.pankebuch.de\/wp-content\/uploads\/2023\/10\/kalender-mare-150x150.webp 150w, https:\/\/www.pankebuch.de\/wp-content\/uploads\/2023\/10\/kalender-mare-624x624.webp 624w\" sizes=\"(max-width: 301px) 100vw, 301px\" \/><\/a><\/figure>\n\n\n\n<p class=\"has-blue-color has-text-color\">Einen ganz au\u00dfergew\u00f6hnlichen Kalender, in Handarbeit in kleiner St\u00fcckzahl produziert und inzwischen als Sammlerst\u00fccke begehrt, bieten wir exklusiv an: den Kalligrafie Kalender von <strong>Almut Witt. <\/strong><a href=\"https:\/\/www.almut-witt-keramik.de\/\" target=\"_blank\" rel=\"noreferrer noopener\">Willkommen &#8211; Almut Witt Kalligrafie Keramik Kurse (almut-witt-keramik.de)<\/a><\/p>\n\n\n\n<p class=\"has-blue-color has-text-color\"><strong>Unsere Literaturempfehlungen f\u00fcr euch!<\/strong><\/p>\n\n\n\n<figure class=\"wp-block-image size-full is-resized\"><a href=\"https:\/\/www.pankebuch.de\/wp-content\/uploads\/2023\/10\/helga-schubert.jpg\"><img loading=\"lazy\" decoding=\"async\" src=\"https:\/\/www.pankebuch.de\/wp-content\/uploads\/2023\/10\/helga-schubert.jpg\" alt=\"\" class=\"wp-image-8416\" width=\"195\" height=\"319\" srcset=\"https:\/\/www.pankebuch.de\/wp-content\/uploads\/2023\/10\/helga-schubert.jpg 500w, https:\/\/www.pankebuch.de\/wp-content\/uploads\/2023\/10\/helga-schubert-183x300.jpg 183w\" sizes=\"(max-width: 195px) 100vw, 195px\" \/><\/a><\/figure>\n\n\n\n<p class=\"has-blue-color has-text-color\"><strong>Helga Schubert &#8222;Der heutige Tag. Ein Stundenbuch der Liebe&#8220;  (dtv) <\/strong>&#8211; \u00dcber f\u00fcnfzig Jahre lang teilen sie ihr Leben. Doch nun ist der Mann schwer krank. Lange schon wird er palliativ umsorgt; und so wird der Radius des Paares immer eingeschr\u00e4nkter, der Besuch seltener, die Abh\u00e4ngigkeit voneinander gr\u00f6\u00dfer. Kraftvoll und poetisch erz\u00e4hlt Helga Schubert davon, wie man in solchen Umst\u00e4nden selbst den Verstand und der andere die W\u00fcrde beh\u00e4lt. &#8222;Eine wahre Liebesgeschichte, aufrichtig und ber\u00fchrend!&#8220; <em>Petra<\/em><\/p>\n\n\n\n<figure class=\"wp-block-image size-full\"><a href=\"https:\/\/www.pankebuch.de\/wp-content\/uploads\/2023\/11\/herzisteinekraeheedit.jpg\"><img loading=\"lazy\" decoding=\"async\" width=\"168\" height=\"266\" src=\"https:\/\/www.pankebuch.de\/wp-content\/uploads\/2023\/11\/herzisteinekraeheedit.jpg\" alt=\"\" class=\"wp-image-8434\"\/><\/a><\/figure>\n\n\n\n<p class=\"has-blue-color has-text-color\"><strong>Lina Nordquist: \u201eMein Herz ist eine Kr\u00e4he\u201c, aus dem Schwedischen von Stefan Pluschkat, Diogenes Verlag<\/strong><\/p>\n\n\n\n<p class=\"has-blue-color has-text-color\">Dieser mitrei\u00dfende Roman erz\u00e4hlt von zwei Frauen. K\u00e5ra m\u00f6chte so stark sein wie Unni, die sie nur aus Erz\u00e4hlungen kennt und zwei Generationen zuvor von Norwegen nach Schweden fl\u00fcchtete und versuchte, ihre Kinder vor dem Hungertod zu bewahren. Viele schwere Schicksale \u00fcbersteht Unni. Gelingt es K\u00e5ra am Ende, auch so stark zu sein wie Unni, ihr Vorbild? Der Roman vom Leben auf Waldbauernh\u00f6fen ist ersch\u00fctternd, doch zugleich auch ber\u00fchrend und kraftvoll.  <em>Kathleen<\/em><\/p>\n\n\n\n<figure class=\"wp-block-image size-large is-resized\"><a href=\"https:\/\/www.pankebuch.de\/wp-content\/uploads\/2023\/11\/Lappland-1.jpg\"><img loading=\"lazy\" decoding=\"async\" src=\"https:\/\/www.pankebuch.de\/wp-content\/uploads\/2023\/11\/Lappland-1-679x1024.jpg\" alt=\"\" class=\"wp-image-8450\" width=\"312\" height=\"470\" srcset=\"https:\/\/www.pankebuch.de\/wp-content\/uploads\/2023\/11\/Lappland-1-679x1024.jpg 679w, https:\/\/www.pankebuch.de\/wp-content\/uploads\/2023\/11\/Lappland-1-199x300.jpg 199w, https:\/\/www.pankebuch.de\/wp-content\/uploads\/2023\/11\/Lappland-1-768x1158.jpg 768w, https:\/\/www.pankebuch.de\/wp-content\/uploads\/2023\/11\/Lappland-1-1019x1536.jpg 1019w, https:\/\/www.pankebuch.de\/wp-content\/uploads\/2023\/11\/Lappland-1-624x941.jpg 624w, https:\/\/www.pankebuch.de\/wp-content\/uploads\/2023\/11\/Lappland-1.jpg 1061w\" sizes=\"(max-width: 312px) 100vw, 312px\" \/><\/a><\/figure>\n\n\n\n<p class=\"has-blue-color has-text-color\">Bernadette Olderdissen macht wahr, wovon viele tr\u00e4umen &#8211; f\u00fcr ein Jahr lebt sie an einem Ort, der sie schon lange fasziniert. So taucht sie tief ein in Landschaften, Witterung und vor allem geht sie unvoreingenommen und offen auf die Menschen zu. Von ihren Begegnungen, Erfahrungen und Erkenntnissen erz\u00e4hlt sie feinf\u00fchlig und humorvoll. <em>Katrin<\/em><\/p>\n\n\n\n<p><\/p>\n\n\n\n<p><\/p>\n\n\n\n<figure class=\"wp-block-image size-large is-resized\"><a href=\"https:\/\/www.pankebuch.de\/wp-content\/uploads\/2023\/10\/pb-nacht-scaled.jpg\"><img loading=\"lazy\" decoding=\"async\" src=\"https:\/\/www.pankebuch.de\/wp-content\/uploads\/2023\/10\/pb-nacht-1024x1024.jpg\" alt=\"\" class=\"wp-image-8417\" width=\"212\" height=\"212\" srcset=\"https:\/\/www.pankebuch.de\/wp-content\/uploads\/2023\/10\/pb-nacht-1024x1024.jpg 1024w, https:\/\/www.pankebuch.de\/wp-content\/uploads\/2023\/10\/pb-nacht-300x300.jpg 300w, https:\/\/www.pankebuch.de\/wp-content\/uploads\/2023\/10\/pb-nacht-150x150.jpg 150w, https:\/\/www.pankebuch.de\/wp-content\/uploads\/2023\/10\/pb-nacht-768x768.jpg 768w, https:\/\/www.pankebuch.de\/wp-content\/uploads\/2023\/10\/pb-nacht-1536x1536.jpg 1536w, https:\/\/www.pankebuch.de\/wp-content\/uploads\/2023\/10\/pb-nacht-2048x2048.jpg 2048w, https:\/\/www.pankebuch.de\/wp-content\/uploads\/2023\/10\/pb-nacht-624x624.jpg 624w\" sizes=\"(max-width: 212px) 100vw, 212px\" \/><\/a><\/figure>\n\n\n\n<p class=\"has-blue-color has-text-color\"><strong>Verkaufsoffene Adventssonntage am 3. Dezember und 17. Dezember, jeweils von 13 &#8211; 18 Uhr. Das wird sch\u00f6n!<\/strong><\/p>\n\n\n\n<figure class=\"wp-block-image size-full is-resized\"><a href=\"https:\/\/www.pankebuch.de\/wp-content\/uploads\/2023\/10\/lucia.jpg\"><img loading=\"lazy\" decoding=\"async\" src=\"https:\/\/www.pankebuch.de\/wp-content\/uploads\/2023\/10\/lucia.jpg\" alt=\"\" class=\"wp-image-8365\" width=\"200\" height=\"279\" srcset=\"https:\/\/www.pankebuch.de\/wp-content\/uploads\/2023\/10\/lucia.jpg 683w, https:\/\/www.pankebuch.de\/wp-content\/uploads\/2023\/10\/lucia-214x300.jpg 214w, https:\/\/www.pankebuch.de\/wp-content\/uploads\/2023\/10\/lucia-624x873.jpg 624w\" sizes=\"(max-width: 200px) 100vw, 200px\" \/><\/a><\/figure>\n\n\n\n<p class=\"has-blue-color has-text-color\"><strong>Mittwoch 13. Dezember<\/strong> kommt <strong>LUCIA<\/strong> zu uns, seht, wie es leuchtet! Nat\u00fcrlich mit den traditionellen schwedischen Lussekattern &#8211; selbst gebacken.<\/p>\n\n\n\n<figure class=\"wp-block-image size-full is-resized\"><a href=\"https:\/\/www.pankebuch.de\/wp-content\/uploads\/2023\/10\/island-insel-aus-geschichten-gebundene-ausgabe-halldor-gudmundsson.jpeg\"><img loading=\"lazy\" decoding=\"async\" src=\"https:\/\/www.pankebuch.de\/wp-content\/uploads\/2023\/10\/island-insel-aus-geschichten-gebundene-ausgabe-halldor-gudmundsson.jpeg\" alt=\"\" class=\"wp-image-8364\" width=\"197\" height=\"278\"\/><\/a><\/figure>\n\n\n\n<p class=\"has-blue-color has-text-color\"><strong>Samstag 16. Dezember, ab 17 Uhr <\/strong>sind wir wieder ein Teil des <strong>Lebendigen Adventskalenders Pankow<\/strong>. Wir kreisen mit Nicole Huber aus der<strong> Botschaft von Island<\/strong> um diese Insel mit ihren B\u00fcchern, ihrer Musik und ihrer \u00fcberw\u00e4ltigenden Landschaft.<\/p>\n\n\n\n<figure class=\"wp-block-image size-large is-resized\"><a href=\"https:\/\/www.pankebuch.de\/wp-content\/uploads\/2023\/10\/aerzte-spenden.jpg\"><img loading=\"lazy\" decoding=\"async\" src=\"https:\/\/www.pankebuch.de\/wp-content\/uploads\/2023\/10\/aerzte-spenden-684x1024.jpg\" alt=\"\" class=\"wp-image-8425\" width=\"205\" height=\"307\" srcset=\"https:\/\/www.pankebuch.de\/wp-content\/uploads\/2023\/10\/aerzte-spenden-684x1024.jpg 684w, https:\/\/www.pankebuch.de\/wp-content\/uploads\/2023\/10\/aerzte-spenden-200x300.jpg 200w, https:\/\/www.pankebuch.de\/wp-content\/uploads\/2023\/10\/aerzte-spenden-768x1151.jpg 768w, https:\/\/www.pankebuch.de\/wp-content\/uploads\/2023\/10\/aerzte-spenden-1025x1536.jpg 1025w, https:\/\/www.pankebuch.de\/wp-content\/uploads\/2023\/10\/aerzte-spenden-624x935.jpg 624w, https:\/\/www.pankebuch.de\/wp-content\/uploads\/2023\/10\/aerzte-spenden.jpg 1080w\" sizes=\"(max-width: 205px) 100vw, 205px\" \/><\/a><\/figure>\n\n\n\n<p class=\"has-blue-color has-text-color\">Seit Anfang Februar 2023 sammeln wir mit euch <strong>Spenden f\u00fcr \u00c4rzte ohne Grenzen, <\/strong>ausgel\u00f6st durch das Bed\u00fcrfnis den Menschen nach dem verheerenden Erdbeben in Syrien und der T\u00fcrkei zu helfen. Die Lage in der Welt ist f\u00fcr Millionen Menschen verzweifelter denn je &#8211; Israel, Gaza, Ukraine, Afghanistan, nun Nepal. Die Arbeit der Organisation \u00fcberall auf der Welt ist f\u00fcr so viele Menschen \u00fcberlebenswichtig. Dank eurer Gro\u00dfz\u00fcgigkeit konnten wir <strong>bisher fast 1.000 \u20ac<\/strong> \u00fcberweisen. Daf\u00fcr herzlichen Dank!  Wir machen weiter und f\u00fcllen die Kiste mit \u00fcberraschenden Buchp\u00e4ckchen immer wieder nach. Jeder Betrag ab 2 \u20ac pro Buch hilft. <\/p>\n\n\n\n<figure class=\"wp-block-image\"><img decoding=\"async\" src=\"https:\/\/www.pankebuch.de\/wp-content\/uploads\/2023\/06\/Kopie-von-XL-Banner.-KulturPass-1024x273.jpg\" alt=\"Dieses Bild hat ein leeres Alt-Attribut. Der Dateiname ist Kopie-von-XL-Banner.-KulturPass-1024x273.jpg\"\/><\/figure>\n\n\n\n<p class=\"has-blue-color has-text-color\"><strong>Der Kulturpass f\u00fcr 18j\u00e4hrige ist aktiv, das Guthaben k\u00f6nnt ihr auch f\u00fcr B\u00fccher einsetzen.<\/strong> <strong>App laden und los geht\u00b4s!<\/strong> <strong>Herzlich willkommen!<\/strong> Eine Auswahl <strong>YOUNG ADULT<\/strong> <strong>books<\/strong> k\u00f6nnt ihr bei uns entdecken!<\/p>\n\n\n\n<p class=\"has-blue-color has-text-color\"><strong><em>Auf herzerw\u00e4rmende Begegnungen in der dunklen Jahreszeit!<\/em><\/strong><\/p>\n\n\n\n<p class=\"has-blue-color has-text-color\"><strong><em>Eure <\/em><\/strong><em><strong>Petra Wenzel, Kathleen Hilke und Katrin Mirtschink<\/strong><\/em><\/p>\n\n\n\n<figure class=\"wp-block-image size-large\"><a href=\"https:\/\/www.pankebuch.de\/wp-content\/uploads\/2023\/03\/wir-drei-1-scaled.jpg\"><img loading=\"lazy\" decoding=\"async\" width=\"1024\" height=\"683\" src=\"https:\/\/www.pankebuch.de\/wp-content\/uploads\/2023\/03\/wir-drei-1-1024x683.jpg\" alt=\"Foto: Marlene Gawrisch\" class=\"wp-image-8083\" srcset=\"https:\/\/www.pankebuch.de\/wp-content\/uploads\/2023\/03\/wir-drei-1-1024x683.jpg 1024w, https:\/\/www.pankebuch.de\/wp-content\/uploads\/2023\/03\/wir-drei-1-300x200.jpg 300w, https:\/\/www.pankebuch.de\/wp-content\/uploads\/2023\/03\/wir-drei-1-768x512.jpg 768w, https:\/\/www.pankebuch.de\/wp-content\/uploads\/2023\/03\/wir-drei-1-1536x1024.jpg 1536w, https:\/\/www.pankebuch.de\/wp-content\/uploads\/2023\/03\/wir-drei-1-2048x1365.jpg 2048w, https:\/\/www.pankebuch.de\/wp-content\/uploads\/2023\/03\/wir-drei-1-624x416.jpg 624w\" sizes=\"(max-width: 1024px) 100vw, 1024px\" \/><\/a><figcaption class=\"wp-element-caption\">Foto: Marlene Gawrisch<\/figcaption><\/figure>\n\n\n\n<p><\/p>\n\n\n\n<p><\/p>\n\n\n\n<p><\/p>\n\n\n\n<p><\/p>\n\n\n\n<p><\/p>\n\n\n\n<p class=\"has-blue-color has-text-color\"><\/p>\n\n\n\n<p><\/p>\n\n\n\n<p><\/p>\n\n\n\n<p class=\"has-blue-color has-text-color\"><\/p>\n","protected":false},"excerpt":{"rendered":"<p>&#8230; eine gro\u00dfe Freude! Wir gratulieren JON FOSSE zum Literaturnobelpreis und empfehlen aus dem mare Verlag Der Pankebuch-Lesekreis besch\u00e4ftigt sich im Dezember mit dem Werk des norwegischen Autors. Heute schauen wir mit unserem Programm schon bis zum Ende 2023. Gute Lekt\u00fcre Tag f\u00fcr Tag. Sachbuchtisch mit LESEN, EINMISCHEN, POSITIONIEREN&#8230;Findet eure Lieblingsb\u00fccher und bestellt via info@pankebuch.de [&hellip;]<\/p>\n","protected":false},"author":1,"featured_media":0,"comment_status":"closed","ping_status":"open","sticky":false,"template":"","format":"standard","meta":{"footnotes":""},"categories":[1],"tags":[],"_links":{"self":[{"href":"https:\/\/www.pankebuch.de\/index.php?rest_route=\/wp\/v2\/posts\/8413"}],"collection":[{"href":"https:\/\/www.pankebuch.de\/index.php?rest_route=\/wp\/v2\/posts"}],"about":[{"href":"https:\/\/www.pankebuch.de\/index.php?rest_route=\/wp\/v2\/types\/post"}],"author":[{"embeddable":true,"href":"https:\/\/www.pankebuch.de\/index.php?rest_route=\/wp\/v2\/users\/1"}],"replies":[{"embeddable":true,"href":"https:\/\/www.pankebuch.de\/index.php?rest_route=%2Fwp%2Fv2%2Fcomments&post=8413"}],"version-history":[{"count":23,"href":"https:\/\/www.pankebuch.de\/index.php?rest_route=\/wp\/v2\/posts\/8413\/revisions"}],"predecessor-version":[{"id":8452,"href":"https:\/\/www.pankebuch.de\/index.php?rest_route=\/wp\/v2\/posts\/8413\/revisions\/8452"}],"wp:attachment":[{"href":"https:\/\/www.pankebuch.de\/index.php?rest_route=%2Fwp%2Fv2%2Fmedia&parent=8413"}],"wp:term":[{"taxonomy":"category","embeddable":true,"href":"https:\/\/www.pankebuch.de\/index.php?rest_route=%2Fwp%2Fv2%2Fcategories&post=8413"},{"taxonomy":"post_tag","embeddable":true,"href":"https:\/\/www.pankebuch.de\/index.php?rest_route=%2Fwp%2Fv2%2Ftags&post=8413"}],"curies":[{"name":"wp","href":"https:\/\/api.w.org\/{rel}","templated":true}]}}