{"id":8359,"date":"2023-10-07T17:03:50","date_gmt":"2023-10-07T16:03:50","guid":{"rendered":"https:\/\/www.pankebuch.de\/?p=8359"},"modified":"2023-10-19T06:28:29","modified_gmt":"2023-10-19T05:28:29","slug":"ein-bunter-literarischer-herbst","status":"publish","type":"post","link":"https:\/\/www.pankebuch.de\/?p=8359","title":{"rendered":"Ein bunter literarischer Herbst&#8230;"},"content":{"rendered":"\n<p class=\"has-blue-color has-text-color\">&#8230; wir schauen heute schon bis zum Ende 2023 mit unserem Programm. Feinste Lekt\u00fcre Tag f\u00fcr Tag. Findet eure Lieblingsb\u00fccher und bestellt via info@pankebuch.de oder in unserem Shop. Online bestellen und im Pankebuch abholen. <a rel=\"noreferrer noopener\" href=\"https:\/\/www.genialokal.de\/buchhandlung\/berlin-pankow\/pankebuch\/\" target=\"_blank\">www.genialokal.de\/buchhandlung\/berlin-pankow\/pankebuch\/<\/a> <\/p>\n\n\n\n<p class=\"has-blue-color has-text-color\"><strong>Viele Male sind wir als Partnerbuchhandlung der Nordischen Botschaften mit unseren B\u00fcchertischen bei Lesungen im Felleshus zu Gast. Seid ihr auch unsere G\u00e4ste! Das Programm findet ihr auf<a rel=\"noreferrer noopener\" href=\"http:\/\/www.nordischebotschaften.org.\" data-type=\"URL\" data-id=\"www.nordischebotschaften.org.\" target=\"_blank\"> www.nordischebotschaf<\/a><a href=\"http:\/\/www.nordischebotschaften.org.\" data-type=\"URL\" data-id=\"www.nordischebotschaften.org.\">ten.org.<\/a><\/strong><\/p>\n\n\n\n<figure class=\"wp-block-gallery has-nested-images columns-default is-cropped wp-block-gallery-1 is-layout-flex wp-block-gallery-is-layout-flex\">\n<figure class=\"wp-block-image size-large\"><a href=\"https:\/\/www.pankebuch.de\/wp-content\/uploads\/2023\/10\/nordische-botschaften.jpg\"><img loading=\"lazy\" decoding=\"async\" width=\"768\" height=\"384\" data-id=\"8410\" src=\"https:\/\/www.pankebuch.de\/wp-content\/uploads\/2023\/10\/nordische-botschaften.jpg\" alt=\"\" class=\"wp-image-8410\" srcset=\"https:\/\/www.pankebuch.de\/wp-content\/uploads\/2023\/10\/nordische-botschaften.jpg 768w, https:\/\/www.pankebuch.de\/wp-content\/uploads\/2023\/10\/nordische-botschaften-300x150.jpg 300w, https:\/\/www.pankebuch.de\/wp-content\/uploads\/2023\/10\/nordische-botschaften-624x312.jpg 624w\" sizes=\"(max-width: 768px) 100vw, 768px\" \/><\/a><\/figure>\n<\/figure>\n\n\n\n<p class=\"has-blue-color has-text-color\"><strong>Am Freitag 27. Oktober feiern wir unsere n\u00e4chste Vernissage  A Sense of Place &#8211; Feeling North mit Laura &amp; Constantin von onthenorway.com. Sch\u00f6nste Fotografie aus dem Norden!  Auf ein Glas? Wir zeigen diese Ausstellung bis Februar 2024!<\/strong> <\/p>\n\n\n\n<figure class=\"wp-block-gallery has-nested-images columns-default is-cropped wp-block-gallery-2 is-layout-flex wp-block-gallery-is-layout-flex\">\n<figure class=\"wp-block-image size-large\"><a href=\"https:\/\/www.pankebuch.de\/wp-content\/uploads\/2023\/10\/onthenorway-sense-of-place-laura-drosse-Naresto-1.jpg\"><img loading=\"lazy\" decoding=\"async\" width=\"768\" height=\"1024\" data-id=\"8411\" src=\"https:\/\/www.pankebuch.de\/wp-content\/uploads\/2023\/10\/onthenorway-sense-of-place-laura-drosse-Naresto-1-768x1024.jpg\" alt=\"\" class=\"wp-image-8411\" srcset=\"https:\/\/www.pankebuch.de\/wp-content\/uploads\/2023\/10\/onthenorway-sense-of-place-laura-drosse-Naresto-1-768x1024.jpg 768w, https:\/\/www.pankebuch.de\/wp-content\/uploads\/2023\/10\/onthenorway-sense-of-place-laura-drosse-Naresto-1-225x300.jpg 225w, https:\/\/www.pankebuch.de\/wp-content\/uploads\/2023\/10\/onthenorway-sense-of-place-laura-drosse-Naresto-1-1152x1536.jpg 1152w, https:\/\/www.pankebuch.de\/wp-content\/uploads\/2023\/10\/onthenorway-sense-of-place-laura-drosse-Naresto-1-1536x2048.jpg 1536w, https:\/\/www.pankebuch.de\/wp-content\/uploads\/2023\/10\/onthenorway-sense-of-place-laura-drosse-Naresto-1-624x832.jpg 624w, https:\/\/www.pankebuch.de\/wp-content\/uploads\/2023\/10\/onthenorway-sense-of-place-laura-drosse-Naresto-1.jpg 1875w\" sizes=\"(max-width: 768px) 100vw, 768px\" \/><\/a><\/figure>\n<\/figure>\n\n\n\n<p class=\"has-blue-color has-text-color\">Die <strong>Kalendersaison<\/strong> <strong>2024 <\/strong>hat begonnen. Wir haben eine feine Auswahl f\u00fcr euch im Pankebuch &#8211; sehr maritim! Und bestellen nat\u00fcrlich genau eure Lieblingskalender f\u00fcrs Zuhause und zum Verschenken. Wie w\u00e4re es mit diesem Schatz?<\/p>\n\n\n\n<figure class=\"wp-block-gallery has-nested-images columns-default is-cropped wp-block-gallery-3 is-layout-flex wp-block-gallery-is-layout-flex\">\n<figure class=\"wp-block-image size-large\"><a href=\"https:\/\/www.pankebuch.de\/wp-content\/uploads\/2023\/10\/Ostsee.jpg\"><img loading=\"lazy\" decoding=\"async\" width=\"680\" height=\"907\" data-id=\"8384\" src=\"https:\/\/www.pankebuch.de\/wp-content\/uploads\/2023\/10\/Ostsee.jpg\" alt=\"\" class=\"wp-image-8384\" srcset=\"https:\/\/www.pankebuch.de\/wp-content\/uploads\/2023\/10\/Ostsee.jpg 680w, https:\/\/www.pankebuch.de\/wp-content\/uploads\/2023\/10\/Ostsee-225x300.jpg 225w, https:\/\/www.pankebuch.de\/wp-content\/uploads\/2023\/10\/Ostsee-624x832.jpg 624w\" sizes=\"(max-width: 680px) 100vw, 680px\" \/><\/a><\/figure>\n<\/figure>\n\n\n\n<p class=\"has-blue-color has-text-color\">Einen ganz au\u00dfergew\u00f6hnlichen Kalender, in Handarbeit in kleiner St\u00fcckzahl produziert und inzwischen als Sammlerst\u00fccke begehrt, bieten wir exklusiv an: den Kalligrafie Kalender von <strong>Almut Witt. <\/strong><a href=\"https:\/\/www.almut-witt-keramik.de\/\" target=\"_blank\" rel=\"noreferrer noopener\">Willkommen &#8211; Almut Witt Kalligrafie Keramik Kurse (almut-witt-keramik.de)<\/a><\/p>\n\n\n\n<p class=\"has-blue-color has-text-color\"><strong>Unsere Literaturempfehlungen im Oktober f\u00fcr euch!<\/strong><\/p>\n\n\n\n<figure class=\"wp-block-image size-full is-resized\"><a href=\"https:\/\/www.pankebuch.de\/wp-content\/uploads\/2023\/10\/22-bahnen.jpg\"><img loading=\"lazy\" decoding=\"async\" src=\"https:\/\/www.pankebuch.de\/wp-content\/uploads\/2023\/10\/22-bahnen.jpg\" alt=\"\" class=\"wp-image-8361\" width=\"270\" height=\"418\" srcset=\"https:\/\/www.pankebuch.de\/wp-content\/uploads\/2023\/10\/22-bahnen.jpg 388w, https:\/\/www.pankebuch.de\/wp-content\/uploads\/2023\/10\/22-bahnen-194x300.jpg 194w\" sizes=\"(max-width: 270px) 100vw, 270px\" \/><\/a><\/figure>\n\n\n\n<p class=\"has-blue-color has-text-color\">\u201eDa ist mein K\u00f6rper, und da ist die Musik, und mein K\u00f6rper bewegt sich zu der Musik, und das f\u00fchlt sich gut an. Aber da ist auch eine kleine Ida, und da ist eine trinkende Mutter in meinem Kopf. Ich \u00f6ffne die Augen, mustere die Tanzenden um mich herum, [ihre verschwitzten Gesichter, ihre zuckenden Gliedma\u00dfen] und denke an Ida. Ich schlie\u00dfe wieder die Augen, aber es ist zu sp\u00e4t. Der desillusionierende Moment schie\u00dft krass rein. Das ist alles so bescheuert und absurd. Ich gehe.&#8220; <em>Ein gro\u00dfes Debut, ich war \u00fcberw\u00e4ltigt! Unbedingt lesen! Petra<\/em><\/p>\n\n\n\n<figure class=\"wp-block-gallery has-nested-images columns-default is-cropped wp-block-gallery-4 is-layout-flex wp-block-gallery-is-layout-flex\">\n<figure class=\"wp-block-image size-large\"><a href=\"https:\/\/www.pankebuch.de\/wp-content\/uploads\/2023\/10\/Yrsa.jpg\"><img loading=\"lazy\" decoding=\"async\" width=\"1024\" height=\"682\" data-id=\"8371\" src=\"https:\/\/www.pankebuch.de\/wp-content\/uploads\/2023\/10\/Yrsa-1024x682.jpg\" alt=\"\" class=\"wp-image-8371\" srcset=\"https:\/\/www.pankebuch.de\/wp-content\/uploads\/2023\/10\/Yrsa-1024x682.jpg 1024w, https:\/\/www.pankebuch.de\/wp-content\/uploads\/2023\/10\/Yrsa-300x200.jpg 300w, https:\/\/www.pankebuch.de\/wp-content\/uploads\/2023\/10\/Yrsa-768x511.jpg 768w, https:\/\/www.pankebuch.de\/wp-content\/uploads\/2023\/10\/Yrsa-624x415.jpg 624w, https:\/\/www.pankebuch.de\/wp-content\/uploads\/2023\/10\/Yrsa.jpg 1433w\" sizes=\"(max-width: 1024px) 100vw, 1024px\" \/><\/a><\/figure>\n<\/figure>\n\n\n\n<p class=\"has-blue-color has-text-color\">(Aus dem Isl\u00e4ndischen von Anika Wolff.)<br>Island, mitten im Winter: Eine von Schnee bedeckte Landschaft und ein eindrucksvolles Anwesen in einem abgelegenen Tal. Ein Nachbar findet eine superreiche Familie ermordet vor. Wer treibt sein Unwesen in diesem Haus? Warum \u201ewandern\u201c Gegenst\u00e4nde nachts umher?<br><em>Ein atembraubend spannender und virtuos konstruierter Thriller! Kathleen<\/em><\/p>\n\n\n\n<p class=\"has-blue-color has-text-color\"><\/p>\n\n\n\n<figure class=\"wp-block-image size-full\"><a href=\"https:\/\/www.pankebuch.de\/wp-content\/uploads\/2023\/10\/chor-der-erinnyen_9783518431412_produktfoto.jpg\"><img loading=\"lazy\" decoding=\"async\" width=\"400\" height=\"400\" src=\"https:\/\/www.pankebuch.de\/wp-content\/uploads\/2023\/10\/chor-der-erinnyen_9783518431412_produktfoto.jpg\" alt=\"\" class=\"wp-image-8382\" srcset=\"https:\/\/www.pankebuch.de\/wp-content\/uploads\/2023\/10\/chor-der-erinnyen_9783518431412_produktfoto.jpg 400w, https:\/\/www.pankebuch.de\/wp-content\/uploads\/2023\/10\/chor-der-erinnyen_9783518431412_produktfoto-300x300.jpg 300w, https:\/\/www.pankebuch.de\/wp-content\/uploads\/2023\/10\/chor-der-erinnyen_9783518431412_produktfoto-150x150.jpg 150w\" sizes=\"(max-width: 400px) 100vw, 400px\" \/><\/a><\/figure>\n\n\n\n<p class=\"has-blue-color has-text-color\"><em>Der neue Roman von Marion Poschmann steckt voller \u00dcberraschungen. Die zun\u00e4chst so gew\u00f6hnliche Geschichte von Mathilda entpuppt sich als raffinierte Erz\u00e4hlung mit immer neuen unerwarteten Wendungen. Marion Poschmann erweist sich wieder als h\u00f6chst originelle Erz\u00e4hlerin und feine Stilistin. Katrin<\/em><\/p>\n\n\n\n<p><\/p>\n\n\n\n<figure class=\"wp-block-image size-large is-resized\"><a href=\"https:\/\/www.pankebuch.de\/wp-content\/uploads\/2023\/10\/messe-2023.jpg\"><img loading=\"lazy\" decoding=\"async\" src=\"https:\/\/www.pankebuch.de\/wp-content\/uploads\/2023\/10\/messe-2023-1024x1024.jpg\" alt=\"\" class=\"wp-image-8362\" width=\"278\" height=\"278\" srcset=\"https:\/\/www.pankebuch.de\/wp-content\/uploads\/2023\/10\/messe-2023-1024x1024.jpg 1024w, https:\/\/www.pankebuch.de\/wp-content\/uploads\/2023\/10\/messe-2023-300x300.jpg 300w, https:\/\/www.pankebuch.de\/wp-content\/uploads\/2023\/10\/messe-2023-150x150.jpg 150w, https:\/\/www.pankebuch.de\/wp-content\/uploads\/2023\/10\/messe-2023-768x768.jpg 768w, https:\/\/www.pankebuch.de\/wp-content\/uploads\/2023\/10\/messe-2023-1536x1536.jpg 1536w, https:\/\/www.pankebuch.de\/wp-content\/uploads\/2023\/10\/messe-2023.jpg 2048w, https:\/\/www.pankebuch.de\/wp-content\/uploads\/2023\/10\/messe-2023-624x624.jpg 624w\" sizes=\"(max-width: 278px) 100vw, 278px\" \/><\/a><figcaption class=\"wp-element-caption\">Processed with MOLDIV<\/figcaption><\/figure>\n\n\n\n<p class=\"has-blue-color has-text-color\"><strong>Samstag 28. Oktober, 14 &#8211; 18 Uhr<\/strong>, <strong>Messespektakel mit<\/strong> <strong>der Verlagsvertreterin<\/strong> <strong>Regina Vogel<\/strong>. Sie vertritt eine Vielzahl unabh\u00e4ngiger Verlage aus der Schweiz, aus \u00d6sterreich und Deutschland. An diesem Nachmittag reist sie mit uns literarisch nach <strong>\u00d6sterreich<\/strong>, Gastland der Leipziger Buchmesse und nach <strong>Slowenien<\/strong>, Ehrengast der Frankfurter Buchmesse im Oktober. Kommt doch mit! (Eintritt frei)<\/p>\n\n\n\n<figure class=\"wp-block-image is-resized\"><img loading=\"lazy\" decoding=\"async\" src=\"https:\/\/www.piper.de\/uploads\/import\/produkte\/produkt-10009258-web.jpg\" alt=\"https:\/\/www.piper.de\/uploads\/import\/produkte\/produkt-10009258-web.jpg\" width=\"531\" height=\"800\"\/><\/figure>\n\n\n\n<p class=\"has-blue-color has-text-color\"><strong>Hinein in die Woche unabh\u00e4ngiger Buchhandlungen (4.11. &#8211; 11.11.) wub-event.de<\/strong><\/p>\n\n\n\n<p class=\"has-blue-color has-text-color\"><strong>Freitag 3. November 19.30 Uhr Buchvorstellung mit Bernadette Olderdissen &#8222;Zwischen ewigem Sommer und tiefster Nacht &#8211; Wie ich die acht Jahreszeiten in Schwedens Norden erlebte&#8220;<\/strong> (Malik Verlag) <\/p>\n\n\n\n<p class=\"has-blue-color has-text-color\">Die Autorin und Journalistin Bernadette Olderdissen erf\u00fcllt sich ihren Traum von Natur und Wildnis mit einem Experiment in Schwedisch-Lappland: Ein Jahr lang will sie als Bewohnerin eines 200-Seelen-Dorfs am Polarkreis die acht Jahreszeiten des samischen Kalenders erleben<\/p>\n\n\n\n<p class=\"has-blue-color has-text-color\"><strong>Ort: Caf\u00e9 Eden, Breite Str. 43, Pankow, Karte 10 \u20ac, Wir bitten um Anmeldung via info@pankebuch.de<\/strong>.<\/p>\n\n\n\n<p class=\"has-blue-color has-text-color\"><strong>Verkaufsoffene Adventssonntage am 3. Dezember und 17. Dezember. Das wird sch\u00f6n!<\/strong><\/p>\n\n\n\n<figure class=\"wp-block-image size-full is-resized\"><a href=\"https:\/\/www.pankebuch.de\/wp-content\/uploads\/2023\/10\/lucia.jpg\"><img loading=\"lazy\" decoding=\"async\" src=\"https:\/\/www.pankebuch.de\/wp-content\/uploads\/2023\/10\/lucia.jpg\" alt=\"\" class=\"wp-image-8365\" width=\"183\" height=\"255\" srcset=\"https:\/\/www.pankebuch.de\/wp-content\/uploads\/2023\/10\/lucia.jpg 683w, https:\/\/www.pankebuch.de\/wp-content\/uploads\/2023\/10\/lucia-624x873.jpg 624w\" sizes=\"(max-width: 183px) 100vw, 183px\" \/><\/a><\/figure>\n\n\n\n<p class=\"has-blue-color has-text-color\"><strong>Mittwoch 13. Dezember<\/strong> kommt <strong>LUCIA<\/strong> zu uns, seht, wie es leuchtet! Nat\u00fcrlich mit den traditionellen schwedischen Lussekattern.<\/p>\n\n\n\n<figure class=\"wp-block-image size-full is-resized\"><a href=\"https:\/\/www.pankebuch.de\/wp-content\/uploads\/2023\/10\/island-insel-aus-geschichten-gebundene-ausgabe-halldor-gudmundsson.jpeg\"><img loading=\"lazy\" decoding=\"async\" src=\"https:\/\/www.pankebuch.de\/wp-content\/uploads\/2023\/10\/island-insel-aus-geschichten-gebundene-ausgabe-halldor-gudmundsson.jpeg\" alt=\"\" class=\"wp-image-8364\" width=\"259\" height=\"366\"\/><\/a><\/figure>\n\n\n\n<p class=\"has-blue-color has-text-color\"><strong>Samstag 16. Dezember <\/strong>sind wir wieder ein Teil des <strong>Lebendigen Adventskalenders Pankow<\/strong>. Wir kreisen mit Nicole Huber aus der<strong> Botschaft von Island<\/strong> um diese Insel mit ihren B\u00fcchern, ihrer Musik und ihrer \u00fcberw\u00e4ltigenden Landschaft.<\/p>\n\n\n\n<figure class=\"wp-block-image size-large is-resized\"><a href=\"https:\/\/www.pankebuch.de\/wp-content\/uploads\/2023\/02\/spenden.jpg\"><img loading=\"lazy\" decoding=\"async\" src=\"https:\/\/www.pankebuch.de\/wp-content\/uploads\/2023\/02\/spenden-768x1024.jpg\" alt=\"\" class=\"wp-image-8007\" width=\"244\" height=\"325\" srcset=\"https:\/\/www.pankebuch.de\/wp-content\/uploads\/2023\/02\/spenden-768x1024.jpg 768w, https:\/\/www.pankebuch.de\/wp-content\/uploads\/2023\/02\/spenden-225x300.jpg 225w, https:\/\/www.pankebuch.de\/wp-content\/uploads\/2023\/02\/spenden-624x832.jpg 624w, https:\/\/www.pankebuch.de\/wp-content\/uploads\/2023\/02\/spenden.jpg 1080w\" sizes=\"(max-width: 244px) 100vw, 244px\" \/><\/a><\/figure>\n\n\n\n<p class=\"has-blue-color has-text-color\"><strong>Seit dem verheerenden Erdbeben in Syrien und der T\u00fcrkei Anfang Februar 2023 sammeln wir mit euch Spenden f\u00fcr \u00c4rzte ohne Grenzen. Die Arbeit der Organisation in dieser Region und \u00fcberall auf der Welt ist \u00fcr so vielen Menschen \u00fcberlebenswichtig.<\/strong><strong> Gro\u00dfe Resonanz, gro\u00dfz\u00fcgige Spenden, vielen herzlichen Dank!  Die Kiste mit \u00fcberraschenden Buchp\u00e4ckchen wird immer wieder nachgef\u00fcllt. Jeder Betrag ab 2 \u20ac pro Buch hilft. <\/strong><\/p>\n\n\n\n<figure class=\"wp-block-image\"><img decoding=\"async\" src=\"https:\/\/www.pankebuch.de\/wp-content\/uploads\/2023\/06\/Kopie-von-XL-Banner.-KulturPass-1024x273.jpg\" alt=\"Dieses Bild hat ein leeres Alt-Attribut. Der Dateiname ist Kopie-von-XL-Banner.-KulturPass-1024x273.jpg\"\/><\/figure>\n\n\n\n<p class=\"has-blue-color has-text-color\"><strong>Der Kulturpass f\u00fcr 18j\u00e4hrige ist aktiv, das Guthaben k\u00f6nnt ihr auch f\u00fcr B\u00fccher einsetzen.<\/strong> <strong>App laden und los geht\u00b4s!<\/strong> <strong>Herzlich willkommen!<\/strong> Eine Auswahl <strong>YOUNG ADULT<\/strong> <strong>books<\/strong> k\u00f6nnt ihr bei uns entdecken!<\/p>\n\n\n\n<p class=\"has-blue-color has-text-color\"><em><strong>Wir freuen uns Iimmer auf euren Besuch an allen Orten!<\/strong><\/em><\/p>\n\n\n\n<p class=\"has-blue-color has-text-color\"><em><strong>Petra Wenzel, Kathleen Hilke und Katrin Mirtschink<\/strong><\/em><\/p>\n\n\n\n<figure class=\"wp-block-image size-large\"><a href=\"https:\/\/www.pankebuch.de\/wp-content\/uploads\/2023\/03\/wir-drei-1-scaled.jpg\"><img loading=\"lazy\" decoding=\"async\" width=\"1024\" height=\"683\" src=\"https:\/\/www.pankebuch.de\/wp-content\/uploads\/2023\/03\/wir-drei-1-1024x683.jpg\" alt=\"Foto: Marlene Gawrisch\" class=\"wp-image-8083\" srcset=\"https:\/\/www.pankebuch.de\/wp-content\/uploads\/2023\/03\/wir-drei-1-1024x683.jpg 1024w, https:\/\/www.pankebuch.de\/wp-content\/uploads\/2023\/03\/wir-drei-1-300x200.jpg 300w, https:\/\/www.pankebuch.de\/wp-content\/uploads\/2023\/03\/wir-drei-1-768x512.jpg 768w, https:\/\/www.pankebuch.de\/wp-content\/uploads\/2023\/03\/wir-drei-1-1536x1024.jpg 1536w, https:\/\/www.pankebuch.de\/wp-content\/uploads\/2023\/03\/wir-drei-1-2048x1365.jpg 2048w, https:\/\/www.pankebuch.de\/wp-content\/uploads\/2023\/03\/wir-drei-1-624x416.jpg 624w\" sizes=\"(max-width: 1024px) 100vw, 1024px\" \/><\/a><figcaption class=\"wp-element-caption\">Foto: Marlene Gawrisch<\/figcaption><\/figure>\n\n\n\n<p><\/p>\n\n\n\n<p><\/p>\n\n\n\n<p><\/p>\n\n\n\n<p><\/p>\n\n\n\n<p><\/p>\n\n\n\n<p class=\"has-blue-color has-text-color\"><\/p>\n\n\n\n<p><\/p>\n\n\n\n<p><\/p>\n\n\n\n<p class=\"has-blue-color has-text-color\"><\/p>\n","protected":false},"excerpt":{"rendered":"<p>&#8230; wir schauen heute schon bis zum Ende 2023 mit unserem Programm. Feinste Lekt\u00fcre Tag f\u00fcr Tag. Findet eure Lieblingsb\u00fccher und bestellt via info@pankebuch.de oder in unserem Shop. Online bestellen und im Pankebuch abholen. www.genialokal.de\/buchhandlung\/berlin-pankow\/pankebuch\/ Viele Male sind wir als Partnerbuchhandlung der Nordischen Botschaften mit unseren B\u00fcchertischen bei Lesungen im Felleshus zu Gast. Seid ihr [&hellip;]<\/p>\n","protected":false},"author":1,"featured_media":0,"comment_status":"closed","ping_status":"open","sticky":false,"template":"","format":"standard","meta":{"footnotes":""},"categories":[1],"tags":[],"_links":{"self":[{"href":"https:\/\/www.pankebuch.de\/index.php?rest_route=\/wp\/v2\/posts\/8359"}],"collection":[{"href":"https:\/\/www.pankebuch.de\/index.php?rest_route=\/wp\/v2\/posts"}],"about":[{"href":"https:\/\/www.pankebuch.de\/index.php?rest_route=\/wp\/v2\/types\/post"}],"author":[{"embeddable":true,"href":"https:\/\/www.pankebuch.de\/index.php?rest_route=\/wp\/v2\/users\/1"}],"replies":[{"embeddable":true,"href":"https:\/\/www.pankebuch.de\/index.php?rest_route=%2Fwp%2Fv2%2Fcomments&post=8359"}],"version-history":[{"count":34,"href":"https:\/\/www.pankebuch.de\/index.php?rest_route=\/wp\/v2\/posts\/8359\/revisions"}],"predecessor-version":[{"id":8412,"href":"https:\/\/www.pankebuch.de\/index.php?rest_route=\/wp\/v2\/posts\/8359\/revisions\/8412"}],"wp:attachment":[{"href":"https:\/\/www.pankebuch.de\/index.php?rest_route=%2Fwp%2Fv2%2Fmedia&parent=8359"}],"wp:term":[{"taxonomy":"category","embeddable":true,"href":"https:\/\/www.pankebuch.de\/index.php?rest_route=%2Fwp%2Fv2%2Fcategories&post=8359"},{"taxonomy":"post_tag","embeddable":true,"href":"https:\/\/www.pankebuch.de\/index.php?rest_route=%2Fwp%2Fv2%2Ftags&post=8359"}],"curies":[{"name":"wp","href":"https:\/\/api.w.org\/{rel}","templated":true}]}}