{"id":7754,"date":"2022-09-27T15:14:51","date_gmt":"2022-09-27T14:14:51","guid":{"rendered":"https:\/\/www.pankebuch.de\/?p=7754"},"modified":"2022-10-16T10:43:31","modified_gmt":"2022-10-16T09:43:31","slug":"leuchtende-herbsttage","status":"publish","type":"post","link":"https:\/\/www.pankebuch.de\/?p=7754","title":{"rendered":"Leuchtende Herbsttage&#8230;"},"content":{"rendered":"\n<p class=\"has-blue-color has-text-color\">&#8230; w\u00fcnschen wir euch und laden euch Tag f\u00fcr Tag zu  den sch\u00f6nsten B\u00fcchern des Nordens, unseren pers\u00f6nlichen Lekt\u00fcreempfehlungen, Geschenketipps und zur neuen Ausstellung ein. Sichert euch schon jetzt Karten f\u00fcr unsere Lesungen im Caf\u00e9 Eden.<\/p>\n\n\n\n<p class=\"has-blue-color has-text-color\">Auch unsere Freund*innen in den Nordischen Botschaften laden ein <a href=\"http:\/\/www.nordischebotschaften.org\" data-type=\"URL\" data-id=\"www.nordischebotschaften.org\">www.nordischebotschaften.org<\/a><a href=\"http:\/\/www.nordischebotschaften.org\" data-type=\"URL\" data-id=\"www.nordischebotschaften.org\" target=\"_blank\" rel=\"noreferrer noopener\">www.nordischebotschaften.org<\/a> . Ihr trefft uns dort bei allen Lesungen mit unserem B\u00fcchertisch!<\/p>\n\n\n\n<p class=\"has-blue-color has-text-color\"><\/p>\n\n\n\n<figure class=\"wp-block-gallery has-nested-images columns-default is-cropped wp-block-gallery-1 is-layout-flex wp-block-gallery-is-layout-flex\">\n<figure class=\"wp-block-image size-large\"><a href=\"https:\/\/www.pankebuch.de\/wp-content\/uploads\/2022\/09\/vernissage8.10.-scaled.jpg\"><img loading=\"lazy\" decoding=\"async\" width=\"1024\" height=\"1024\" data-id=\"7785\" src=\"https:\/\/www.pankebuch.de\/wp-content\/uploads\/2022\/09\/vernissage8.10.-1024x1024.jpg\" alt=\"\" class=\"wp-image-7785\" srcset=\"https:\/\/www.pankebuch.de\/wp-content\/uploads\/2022\/09\/vernissage8.10.-1024x1024.jpg 1024w, https:\/\/www.pankebuch.de\/wp-content\/uploads\/2022\/09\/vernissage8.10.-300x300.jpg 300w, https:\/\/www.pankebuch.de\/wp-content\/uploads\/2022\/09\/vernissage8.10.-150x150.jpg 150w, https:\/\/www.pankebuch.de\/wp-content\/uploads\/2022\/09\/vernissage8.10.-768x768.jpg 768w, https:\/\/www.pankebuch.de\/wp-content\/uploads\/2022\/09\/vernissage8.10.-1536x1536.jpg 1536w, https:\/\/www.pankebuch.de\/wp-content\/uploads\/2022\/09\/vernissage8.10.-2048x2048.jpg 2048w, https:\/\/www.pankebuch.de\/wp-content\/uploads\/2022\/09\/vernissage8.10.-624x624.jpg 624w\" sizes=\"(max-width: 1024px) 100vw, 1024px\" \/><\/a><\/figure>\n<\/figure>\n\n\n\n<p class=\"has-blue-color has-text-color\">Am 8. Oktober 18 Uhr feiern wir eine Vernissage mit unseren Hausk\u00fcnstlerinnen und ihren Arbeiten zum Thema Norden. Auf ein Glas? Seid willkommen!<\/p>\n\n\n\n<p class=\"has-blue-color has-text-color\"><strong>Antje Pehle<\/strong> <a rel=\"noreferrer noopener\" href=\"http:\/\/www.antjepehle.de\" data-type=\"URL\" data-id=\"www.antjepehle.de\" target=\"_blank\">www.antjepehle.de<\/a>, <strong>Christine Guerard<\/strong> <a rel=\"noreferrer noopener\" href=\"http:\/\/www.christineguerard.com\" data-type=\"URL\" data-id=\"www.christineguerard.com\" target=\"_blank\">www.christineguerard.com<\/a><strong>, Geertje Jacob<\/strong> <a rel=\"noreferrer noopener\" href=\"http:\/\/www.dsein.de\" data-type=\"URL\" data-id=\"www.dsein.de\" target=\"_blank\">www.dsein.d<\/a><a href=\"http:\/\/www.dsein.de\" data-type=\"URL\" data-id=\"www.dsein.de\">e<\/a> und <strong>Maybritt Hansen<\/strong> <a href=\"http:\/\/www.mhansen-photography.com\" data-type=\"URL\" data-id=\"www.mhansen-photography.com\" target=\"_blank\" rel=\"noreferrer noopener\">www.mhansen-photography.com<\/a><\/p>\n\n\n\n<p class=\"has-blue-color has-text-color\"><\/p>\n\n\n\n<p class=\"has-blue-color has-text-color\"><strong>6. Unpluggedival. Das lokale Festival<\/strong><\/p>\n\n\n\n<figure class=\"wp-block-image size-large is-resized\"><a href=\"https:\/\/www.pankebuch.de\/wp-content\/uploads\/2022\/08\/unplugged.jpg\"><img loading=\"lazy\" decoding=\"async\" src=\"https:\/\/www.pankebuch.de\/wp-content\/uploads\/2022\/08\/unplugged-1024x614.jpg\" alt=\"\" class=\"wp-image-7780\" width=\"602\" height=\"360\" srcset=\"https:\/\/www.pankebuch.de\/wp-content\/uploads\/2022\/08\/unplugged-1024x614.jpg 1024w, https:\/\/www.pankebuch.de\/wp-content\/uploads\/2022\/08\/unplugged-300x180.jpg 300w, https:\/\/www.pankebuch.de\/wp-content\/uploads\/2022\/08\/unplugged-768x461.jpg 768w, https:\/\/www.pankebuch.de\/wp-content\/uploads\/2022\/08\/unplugged-1536x922.jpg 1536w, https:\/\/www.pankebuch.de\/wp-content\/uploads\/2022\/08\/unplugged-624x374.jpg 624w, https:\/\/www.pankebuch.de\/wp-content\/uploads\/2022\/08\/unplugged.jpg 2000w\" sizes=\"(max-width: 602px) 100vw, 602px\" \/><\/a><\/figure>\n\n\n\n<p class=\"has-blue-color has-text-color\"><strong>Das erste Mal sind wir Teil diese feinen, ehrenamtlich organisierten Festivals<\/strong> <strong>und<\/strong> <strong>unser Vorgarten wird zur B\u00fchne. Am Freitag, 30. September und Samstag, 1.Oktober, jeweils  18 &#8211; 22 Uhr, k\u00f6nnt ihr hier 6 Bands erleben!  Das gesamte Programm findet ihr hier: <a href=\"https:\/\/www.unpluggedival.de\" target=\"_blank\" rel=\"noreferrer noopener\">https:\/\/www.unpluggedival.de<\/a><\/strong><\/p>\n\n\n\n<p><\/p>\n\n\n\n<p class=\"has-blue-color has-text-color\"><strong>Ausblick in den Herbst und unsere Empfehlungen f\u00fcr Wandkalender 2023!<\/strong><\/p>\n\n\n\n<figure class=\"wp-block-image size-medium is-resized\"><a href=\"https:\/\/www.pankebuch.de\/wp-content\/uploads\/2022\/09\/Asta-663x1024-1.jpg\"><img loading=\"lazy\" decoding=\"async\" src=\"https:\/\/www.pankebuch.de\/wp-content\/uploads\/2022\/09\/Asta-663x1024-1-194x300.jpg\" alt=\"\" class=\"wp-image-7840\" width=\"274\" height=\"424\" srcset=\"https:\/\/www.pankebuch.de\/wp-content\/uploads\/2022\/09\/Asta-663x1024-1-194x300.jpg 194w, https:\/\/www.pankebuch.de\/wp-content\/uploads\/2022\/09\/Asta-663x1024-1-624x964.jpg 624w, https:\/\/www.pankebuch.de\/wp-content\/uploads\/2022\/09\/Asta-663x1024-1.jpg 663w\" sizes=\"(max-width: 274px) 100vw, 274px\" \/><\/a><\/figure>\n\n\n\n<p class=\"has-blue-color has-text-color\"><strong>Montag, 31. Oktober 20 Uhr &#8211; Ein Abend mit der isl\u00e4ndischen Poetin \u00c1sta Fanney Sigur\u00f0ard\u00f3ttir und ihrem Buch Ewigzeit<\/strong> (aus dem Isl\u00e4ndischen von J\u00f3n Thor G\u00edslason und Wolfgang Schiffer, Elif Verlag)<\/p>\n\n\n\n<p class=\"has-blue-color has-text-color\">Oszillierend zwischen nordischer Mythologie und M\u00e4rchen, Popkultur und Fantasy nimmt uns die k\u00fcnstlerische Multi-Begabung \u00c1sta Fanney Sigur\u00f0ard\u00f3ttir mit auf eine Art Traumreise, eine Reise zwischen Schlaf und Wachen. Wie auf einer Schatzkarte folgt man den Wegen des lyrischen Ichs in die ersehnte Freiheit, wird aufgefordert, alle Sicherheiten \u00fcber Bord zu werfen, mitzuentscheiden, welche Richtung eingeschlagen werden soll auf der Suche nach der Unterscheidung zwischen Wahrheit und Illusion\u2026<\/p>\n\n\n\n<p class=\"has-blue-color has-text-color\"><strong>Im Caf\u00e9 Eden, Breite Str. 43, Alt-Pankow, Karte 12 \u20ac, Anmeldung bitte via info@pankebuch.de<\/strong><\/p>\n\n\n\n<figure class=\"wp-block-image size-full is-resized\"><a href=\"https:\/\/www.pankebuch.de\/wp-content\/uploads\/2022\/10\/martin-kulinna-ostsee.jpg\"><img loading=\"lazy\" decoding=\"async\" src=\"https:\/\/www.pankebuch.de\/wp-content\/uploads\/2022\/10\/martin-kulinna-ostsee.jpg\" alt=\"\" class=\"wp-image-7856\" width=\"426\" height=\"431\" srcset=\"https:\/\/www.pankebuch.de\/wp-content\/uploads\/2022\/10\/martin-kulinna-ostsee.jpg 641w, https:\/\/www.pankebuch.de\/wp-content\/uploads\/2022\/10\/martin-kulinna-ostsee-297x300.jpg 297w, https:\/\/www.pankebuch.de\/wp-content\/uploads\/2022\/10\/martin-kulinna-ostsee-624x631.jpg 624w\" sizes=\"(max-width: 426px) 100vw, 426px\" \/><\/a><\/figure>\n\n\n\n<p><strong>Freitag 18. November 20 Uhr im Caf\u00e9 Eden, Breite Str. 43, Alt-Pankow, Karte 10 \u20ac  via info@pankebuch.de<\/strong> <strong>&#8222;Leben am Meer, Entlang der Ostsee. Fotografien<\/strong><\/p>\n\n\n\n<p><strong>Einen Abend lang reisen wir mit Martin Kulinna entlang der K\u00fcsten der Ostseel\u00e4nder. Die Ostsee &#8211; das Mare Balticum &#8211; ist ein Binnenmeer des Atlantiks in Europa. An seinen K\u00fcsten leben circa 70 Millionen Menschen, die eine wechselvolle Geschichte miteinander verbindet. Das Land an der Ostsee ist weit. Das Meer hinterl\u00e4sst Spuren. Es pr\u00e4gt die Menschen genauso wie die Architektur an seinen K\u00fcsten. Der Bildband zeigt ausgew\u00e4hlte Orte und Situationen der Ostsee: etwa die motorradfahrenden Frauen auf der Insel Kihnu, die ihren Alltag auf der Insel meistern, w\u00e4hrend ihre M\u00e4nner auf See sind oder auf dem Festland arbeiten; die Felsformationen auf der schwedischen Insel F\u00e5r\u00f6 oder die breiten Bernsteinstr\u00e4nde von Lettland.<\/strong><\/p>\n\n\n\n<p class=\"has-blue-color has-text-color\"><strong><mark style=\"background-color:rgba(0, 0, 0, 0);color:#21659c\" class=\"has-inline-color\">      <\/mark><br>Wir laden ein zum Wochenendbummel!<\/strong> Seit September schlendern wir jeden Samstag 13 &#8211; 18 Uhr mit euch an der reich gef\u00fcllten Nordwand entlang und stellen jede Woche eins unserer Lieblingsb\u00fccher vor &#8211; ob aktuell oder klassisch! Lasst euch \u00fcberraschen und inspirieren.<\/p>\n\n\n\n<p class=\"has-blue-color has-text-color\"><strong>Wir empfehlen diese wundersch\u00f6nen, gro\u00dfformatigen Wandkalender 2023! <\/strong><\/p>\n\n\n\n<p class=\"has-blue-color has-text-color\">Eure W\u00fcnsche sendet bitte an info@pankebuch.de.<\/p>\n\n\n\n<figure class=\"wp-block-image size-large is-resized\"><a href=\"https:\/\/www.pankebuch.de\/wp-content\/uploads\/2022\/10\/awkalender2023.jpg\"><img loading=\"lazy\" decoding=\"async\" src=\"https:\/\/www.pankebuch.de\/wp-content\/uploads\/2022\/10\/awkalender2023-461x1024.jpg\" alt=\"\" class=\"wp-image-7850\" width=\"461\" height=\"1024\" srcset=\"https:\/\/www.pankebuch.de\/wp-content\/uploads\/2022\/10\/awkalender2023-461x1024.jpg 461w, https:\/\/www.pankebuch.de\/wp-content\/uploads\/2022\/10\/awkalender2023-135x300.jpg 135w, https:\/\/www.pankebuch.de\/wp-content\/uploads\/2022\/10\/awkalender2023-768x1707.jpg 768w, https:\/\/www.pankebuch.de\/wp-content\/uploads\/2022\/10\/awkalender2023-691x1536.jpg 691w, https:\/\/www.pankebuch.de\/wp-content\/uploads\/2022\/10\/awkalender2023-624x1387.jpg 624w, https:\/\/www.pankebuch.de\/wp-content\/uploads\/2022\/10\/awkalender2023.jpg 900w\" sizes=\"(max-width: 461px) 100vw, 461px\" \/><\/a><\/figure>\n\n\n\n<p><strong>Jahr f\u00fcr Jahr! Ein wundersch\u00f6ner Kalligrafie Kalender von ALMUT WITT, gern nehmen wir Bestellungen via info@pankebuch.de entgegen.<\/strong><\/p>\n\n\n\n<figure class=\"wp-block-image size-full is-resized\"><a href=\"https:\/\/www.pankebuch.de\/wp-content\/uploads\/2022\/08\/lofoten-im-inter.webp\"><img loading=\"lazy\" decoding=\"async\" src=\"https:\/\/www.pankebuch.de\/wp-content\/uploads\/2022\/08\/lofoten-im-inter.webp\" alt=\"\" class=\"wp-image-7756\" width=\"600\" height=\"425\" srcset=\"https:\/\/www.pankebuch.de\/wp-content\/uploads\/2022\/08\/lofoten-im-inter.webp 696w, https:\/\/www.pankebuch.de\/wp-content\/uploads\/2022\/08\/lofoten-im-inter-300x213.webp 300w, https:\/\/www.pankebuch.de\/wp-content\/uploads\/2022\/08\/lofoten-im-inter-624x443.webp 624w\" sizes=\"(max-width: 600px) 100vw, 600px\" \/><\/a><\/figure>\n\n\n\n<p>LOFOTEN IM WINTER calvendo 54,99<\/p>\n\n\n\n<figure class=\"wp-block-image size-full\"><a href=\"https:\/\/www.pankebuch.de\/wp-content\/uploads\/2022\/08\/stille-des-nordens.jpg\"><img loading=\"lazy\" decoding=\"async\" width=\"600\" height=\"471\" src=\"https:\/\/www.pankebuch.de\/wp-content\/uploads\/2022\/08\/stille-des-nordens.jpg\" alt=\"\" class=\"wp-image-7757\" srcset=\"https:\/\/www.pankebuch.de\/wp-content\/uploads\/2022\/08\/stille-des-nordens.jpg 600w, https:\/\/www.pankebuch.de\/wp-content\/uploads\/2022\/08\/stille-des-nordens-300x236.jpg 300w\" sizes=\"(max-width: 600px) 100vw, 600px\" \/><\/a><\/figure>\n\n\n\n<p>STILLE DES NORDENS, Linnemann, 34,95<\/p>\n\n\n\n<figure class=\"wp-block-image size-full is-resized\"><a href=\"https:\/\/www.pankebuch.de\/wp-content\/uploads\/2022\/08\/grosse-blumengarten-kat-m..jpeg\"><img loading=\"lazy\" decoding=\"async\" src=\"https:\/\/www.pankebuch.de\/wp-content\/uploads\/2022\/08\/grosse-blumengarten-kat-m..jpeg\" alt=\"\" class=\"wp-image-7758\" width=\"294\" height=\"410\" srcset=\"https:\/\/www.pankebuch.de\/wp-content\/uploads\/2022\/08\/grosse-blumengarten-kat-m..jpeg 430w, https:\/\/www.pankebuch.de\/wp-content\/uploads\/2022\/08\/grosse-blumengarten-kat-m.-215x300.jpeg 215w\" sizes=\"(max-width: 294px) 100vw, 294px\" \/><\/a><\/figure>\n\n\n\n<p>DER GRO\u00dfE BLUMENGARTEN Kat Menschik, Dumont 36,00<\/p>\n\n\n\n<figure class=\"wp-block-image size-full is-resized\"><a href=\"https:\/\/www.pankebuch.de\/wp-content\/uploads\/2022\/08\/kalender-kat-m.-literatur.jpeg\"><img loading=\"lazy\" decoding=\"async\" src=\"https:\/\/www.pankebuch.de\/wp-content\/uploads\/2022\/08\/kalender-kat-m.-literatur.jpeg\" alt=\"\" class=\"wp-image-7759\" width=\"296\" height=\"413\" srcset=\"https:\/\/www.pankebuch.de\/wp-content\/uploads\/2022\/08\/kalender-kat-m.-literatur.jpeg 430w, https:\/\/www.pankebuch.de\/wp-content\/uploads\/2022\/08\/kalender-kat-m.-literatur-215x300.jpeg 215w\" sizes=\"(max-width: 296px) 100vw, 296px\" \/><\/a><\/figure>\n\n\n\n<p>DER LITERATURKALENDER mit Illustrationen von Kat Menschik, Dumont, 36,00<\/p>\n\n\n\n<figure class=\"wp-block-image size-full is-resized\"><a href=\"https:\/\/www.pankebuch.de\/wp-content\/uploads\/2022\/08\/kat-m.-dumont-ostsee.jpeg\"><img loading=\"lazy\" decoding=\"async\" src=\"https:\/\/www.pankebuch.de\/wp-content\/uploads\/2022\/08\/kat-m.-dumont-ostsee.jpeg\" alt=\"\" class=\"wp-image-7761\" width=\"345\" height=\"323\" srcset=\"https:\/\/www.pankebuch.de\/wp-content\/uploads\/2022\/08\/kat-m.-dumont-ostsee.jpeg 600w, https:\/\/www.pankebuch.de\/wp-content\/uploads\/2022\/08\/kat-m.-dumont-ostsee-300x281.jpeg 300w\" sizes=\"(max-width: 345px) 100vw, 345px\" \/><\/a><\/figure>\n\n\n\n<p>MIT KAT MENSCHIK AN DER OSTSEE , Dumont, 18,00<\/p>\n\n\n\n<figure class=\"wp-block-image size-full is-resized\"><a href=\"https:\/\/www.pankebuch.de\/wp-content\/uploads\/2022\/08\/alle-welt-kinder-dumont.jpeg\"><img loading=\"lazy\" decoding=\"async\" src=\"https:\/\/www.pankebuch.de\/wp-content\/uploads\/2022\/08\/alle-welt-kinder-dumont.jpeg\" alt=\"\" class=\"wp-image-7760\" width=\"343\" height=\"479\" srcset=\"https:\/\/www.pankebuch.de\/wp-content\/uploads\/2022\/08\/alle-welt-kinder-dumont.jpeg 430w, https:\/\/www.pankebuch.de\/wp-content\/uploads\/2022\/08\/alle-welt-kinder-dumont-215x300.jpeg 215w\" sizes=\"(max-width: 343px) 100vw, 343px\" \/><\/a><\/figure>\n\n\n\n<p>ALLE WELT Kinderkalender, Dumont, 30,00<\/p>\n\n\n\n<figure class=\"wp-block-image size-full is-resized\"><a href=\"https:\/\/www.pankebuch.de\/wp-content\/uploads\/2022\/08\/wimmel-kalender-2023-dumont-kinderkalender-327173004.webp\"><img loading=\"lazy\" decoding=\"async\" src=\"https:\/\/www.pankebuch.de\/wp-content\/uploads\/2022\/08\/wimmel-kalender-2023-dumont-kinderkalender-327173004.webp\" alt=\"\" class=\"wp-image-7767\" width=\"351\" height=\"351\" srcset=\"https:\/\/www.pankebuch.de\/wp-content\/uploads\/2022\/08\/wimmel-kalender-2023-dumont-kinderkalender-327173004.webp 600w, https:\/\/www.pankebuch.de\/wp-content\/uploads\/2022\/08\/wimmel-kalender-2023-dumont-kinderkalender-327173004-300x300.webp 300w, https:\/\/www.pankebuch.de\/wp-content\/uploads\/2022\/08\/wimmel-kalender-2023-dumont-kinderkalender-327173004-150x150.webp 150w\" sizes=\"(max-width: 351px) 100vw, 351px\" \/><\/a><\/figure>\n\n\n\n<p>WIMMEL-KALENDER von Rotraut Susanne Berner, Dumont, 25,00<\/p>\n\n\n\n<figure class=\"wp-block-image size-full is-resized\"><a href=\"https:\/\/www.pankebuch.de\/wp-content\/uploads\/2022\/08\/alte-obstsorten-dumont.jpeg\"><img loading=\"lazy\" decoding=\"async\" src=\"https:\/\/www.pankebuch.de\/wp-content\/uploads\/2022\/08\/alte-obstsorten-dumont.jpeg\" alt=\"\" class=\"wp-image-7768\" width=\"344\" height=\"480\" srcset=\"https:\/\/www.pankebuch.de\/wp-content\/uploads\/2022\/08\/alte-obstsorten-dumont.jpeg 430w, https:\/\/www.pankebuch.de\/wp-content\/uploads\/2022\/08\/alte-obstsorten-dumont-215x300.jpeg 215w\" sizes=\"(max-width: 344px) 100vw, 344px\" \/><\/a><\/figure>\n\n\n\n<p>ALTE OBSTSORTEN, Dumont, 36,00 <\/p>\n\n\n\n<figure class=\"wp-block-image size-full is-resized\"><a href=\"https:\/\/www.pankebuch.de\/wp-content\/uploads\/2022\/08\/lit.-frauen-ebersbach....jpg\"><img loading=\"lazy\" decoding=\"async\" src=\"https:\/\/www.pankebuch.de\/wp-content\/uploads\/2022\/08\/lit.-frauen-ebersbach....jpg\" alt=\"\" class=\"wp-image-7762\" width=\"344\" height=\"459\" srcset=\"https:\/\/www.pankebuch.de\/wp-content\/uploads\/2022\/08\/lit.-frauen-ebersbach....jpg 480w, https:\/\/www.pankebuch.de\/wp-content\/uploads\/2022\/08\/lit.-frauen-ebersbach...-225x300.jpg 225w\" sizes=\"(max-width: 344px) 100vw, 344px\" \/><\/a><\/figure>\n\n\n\n<p>LITERARISCHER FRAUENKALENDER, Ebersbach &amp; Simon, 14,00<\/p>\n\n\n\n<figure class=\"wp-block-image size-full is-resized\"><a href=\"https:\/\/www.pankebuch.de\/wp-content\/uploads\/2022\/08\/lit.-ostsee-ebersbach-simon.jpg\"><img loading=\"lazy\" decoding=\"async\" src=\"https:\/\/www.pankebuch.de\/wp-content\/uploads\/2022\/08\/lit.-ostsee-ebersbach-simon.jpg\" alt=\"\" class=\"wp-image-7763\" width=\"348\" height=\"464\" srcset=\"https:\/\/www.pankebuch.de\/wp-content\/uploads\/2022\/08\/lit.-ostsee-ebersbach-simon.jpg 480w, https:\/\/www.pankebuch.de\/wp-content\/uploads\/2022\/08\/lit.-ostsee-ebersbach-simon-225x300.jpg 225w\" sizes=\"(max-width: 348px) 100vw, 348px\" \/><\/a><\/figure>\n\n\n\n<p>LITERARISCHER OSTSEEKALENDER, Ebersbach &amp; Simon, 24,00<\/p>\n\n\n\n<figure class=\"wp-block-image size-full is-resized\"><a href=\"https:\/\/www.pankebuch.de\/wp-content\/uploads\/2022\/08\/missy-magazine-ebersbach....jpg\"><img loading=\"lazy\" decoding=\"async\" src=\"https:\/\/www.pankebuch.de\/wp-content\/uploads\/2022\/08\/missy-magazine-ebersbach....jpg\" alt=\"\" class=\"wp-image-7764\" width=\"358\" height=\"477\" srcset=\"https:\/\/www.pankebuch.de\/wp-content\/uploads\/2022\/08\/missy-magazine-ebersbach....jpg 480w, https:\/\/www.pankebuch.de\/wp-content\/uploads\/2022\/08\/missy-magazine-ebersbach...-225x300.jpg 225w\" sizes=\"(max-width: 358px) 100vw, 358px\" \/><\/a><\/figure>\n\n\n\n<p>MISSY MAGAZINE KALENDER, Ebersbach &amp; Simon, 24,00<\/p>\n\n\n\n<figure class=\"wp-block-image size-full is-resized\"><a href=\"https:\/\/www.pankebuch.de\/wp-content\/uploads\/2022\/08\/mare_kulturkalender_2023_deckblatt.jpg\"><img loading=\"lazy\" decoding=\"async\" src=\"https:\/\/www.pankebuch.de\/wp-content\/uploads\/2022\/08\/mare_kulturkalender_2023_deckblatt.jpg\" alt=\"\" class=\"wp-image-7765\" width=\"354\" height=\"472\" srcset=\"https:\/\/www.pankebuch.de\/wp-content\/uploads\/2022\/08\/mare_kulturkalender_2023_deckblatt.jpg 500w, https:\/\/www.pankebuch.de\/wp-content\/uploads\/2022\/08\/mare_kulturkalender_2023_deckblatt-225x300.jpg 225w\" sizes=\"(max-width: 354px) 100vw, 354px\" \/><\/a><\/figure>\n\n\n\n<p>mare KULTURKALENDER, mare verlag, 22,00<\/p>\n\n\n\n<p>THORBECKE OBST &#8211; KALENDER, 23,00<\/p>\n\n\n\n<figure class=\"wp-block-image size-full is-resized\"><a href=\"https:\/\/www.pankebuch.de\/wp-content\/uploads\/2022\/08\/thorbecke-wald.jpeg\"><img loading=\"lazy\" decoding=\"async\" src=\"https:\/\/www.pankebuch.de\/wp-content\/uploads\/2022\/08\/thorbecke-wald.jpeg\" alt=\"\" class=\"wp-image-7770\" width=\"345\" height=\"453\" srcset=\"https:\/\/www.pankebuch.de\/wp-content\/uploads\/2022\/08\/thorbecke-wald.jpeg 457w, https:\/\/www.pankebuch.de\/wp-content\/uploads\/2022\/08\/thorbecke-wald-229x300.jpeg 229w\" sizes=\"(max-width: 345px) 100vw, 345px\" \/><\/a><\/figure>\n\n\n\n<p>THORBECKE WALD &#8211; KALENDER, 23,00<\/p>\n\n\n\n<p class=\"has-blue-color has-text-color\"><strong>Hier kommen unsere Leseempfehlungen f\u00fcr lange Herbstabende:<\/strong><\/p>\n\n\n\n<p class=\"has-blue-color has-text-color\">Petra las <strong>Der Morgenstern<\/strong> von <strong>Karl Ove Knausg\u00e5rd<\/strong> (aus dem Norwegischen von Paul Berf, Luchterhand Verlag):<\/p>\n\n\n\n<p class=\"has-blue-color has-text-color\">Nach seinem sechsb\u00e4ndigen Mammutwerk \u00fcber sich, sein Leben und seine Familie wollte Knausg\u00e5rd eigentlich keine Romane mehr schreiben. Nun gibt es doch einen neuen Roman. \u201eDer Morgenstern&#8220; spielt an 2 Tagen im Sommer in Bergen. Es scheint etwas aus den Fugen geraten zu sein, als ein gro\u00dfer Stern am Himmel auftaucht. Tiere verhalten sich ungew\u00f6hnlich und wider ihre Natur. Aus der Sicht von neun ganz unterschiedlichen Protagonisten, die in jeweils schwierigen Lebensumst\u00e4nden feststecken und Fragen nach dem Sinn des Lebens stellen, wird die Handlung erz\u00e4hlt. Knausg\u00e5rd, schildert abwechselnd deren Leben ungemein spannend und zugleich philosophisch, so dass man das Buch kaum zur Seite legen mag. Es entsteht ein Sog, faszinierend und abgesto\u00dfend zugleich. <a rel=\"noreferrer noopener\" href=\"https:\/\/www.genialokal.de\/Produkt\/Karl-Ove-Knausgard\/Der-Morgenstern_lid_46016521.html?storeID=panke\" target=\"_blank\">https:\/\/www.genialokal.de\/Produkt\/Karl-Ove-Knausgard\/Der-Morgenstern_lid_46016521.html?storeID=panke<\/a><\/p>\n\n\n\n<p class=\"has-blue-color has-text-color\">Kathleen sagt &#8222;unbedingt lesen!&#8220;:  <strong>Rutger Bregman: Im Grunde gut. Eine neue Geschichte der Menschheit <\/strong>(aus dem Niederl\u00e4ndischen von Gerd Busse und Ulrich Faure, Rowohlt Taschenbuch Verlag)<\/p>\n\n\n\n<p class=\"has-blue-color has-text-color\">Bregman hat ein wunderbar zu lesendes, zurechtr\u00fcckendes und bemerkenswertes Sachbuch \u00fcber die Menschheitsgeschichte geschrieben. Mit einer v\u00f6llig neuen, doch nat\u00fcrlichen Sichtweise zeichnet er ein positives Menschenbild und untermauert es mit zahlreichen fundierten Beweisen. Bregman zerrt und r\u00fcttelt an unserem Menschenbild, auf dass es kracht! <a href=\"https:\/\/www.genialokal.de\/Produkt\/Rutger-Bregman\/Im-Grunde-gut_lid_43985172.html?storeID=panke\">https:\/\/www.genialokal.de\/Produkt\/Rutger-Bregman\/Im-Grunde-gut_lid_43985172.html?storeID=panke<\/a><\/p>\n\n\n\n<p class=\"has-blue-color has-text-color\">Katrins aktuelle Favoritin ist <strong>Lea Ypi <\/strong>mit <strong>Frei. Erwachsenwerden am Ende der Geschichte<\/strong> (aus dem Englischen von Eva Bonn\u00e9, Suhrkamp Verlag)<\/p>\n\n\n\n<p class=\"has-blue-color has-text-color\">Sachbuch? Roman? Die Kategorie ist unwichtig. Lea Ypi erz\u00e4hlt ihre Kindheit und Jugend im Albanien der 80er und 90er Jahre, einer Zeit des v\u00f6lligen Umbruchs. Und das mit dem naiven und zugleich genauen Blick eines Kindes, das versucht die Erwachsenen und die Ver\u00e4nderungen zu verstehen. Das ist klug, traurig, lustig und auf eine ganz grundlegende Weise wahr. <a href=\"https:\/\/www.genialokal.de\/Produkt\/Lea-Ypi\/Frei_lid_45890732.html?storeID=panke\">https:\/\/www.genialokal.de\/Produkt\/Lea-Ypi\/Frei_lid_45890732.html?storeID=panke<\/a><\/p>\n\n\n\n<p class=\"has-blue-color has-text-color\"><strong>F\u00fcr alle Interessenten an Literatur in den nordischen Sprachen<\/strong>: wir kooperieren mit Skandibok und k\u00f6nnen so noch mehr Service bieten. Suchen und bestellen k\u00f6nnt ihr direkt hier:<\/p>\n\n\n\n<p><a href=\"https:\/\/skandibok.goaffpro.com\/create-account\">https:\/\/skandibok.goaffpro.com\/create-account<\/a> <\/p>\n\n\n\n<p><\/p>\n\n\n\n<p class=\"has-blue-color has-text-color\">Seit vielen Jahren trifft sich monatlich der <strong>Pankebuch-Lesekreis<\/strong>, in diesem Sommer schon zum 100. Mal! Diese Literaturrunde ist offen f\u00fcr alle. <\/p>\n\n\n\n<p class=\"has-blue-color has-text-color\">Wir freuen uns auf gemeinsame literarische Reisen und gr\u00fc\u00dfen herzlich<\/p>\n\n\n\n<p class=\"has-blue-color has-text-color\"><strong><em>P<\/em><\/strong><em><strong>etra Wenzel, Kathleen Hilke und Katrin Mirtschink<\/strong><\/em><\/p>\n\n\n\n<figure class=\"wp-block-gallery has-nested-images columns-default is-cropped wp-block-gallery-2 is-layout-flex wp-block-gallery-is-layout-flex\">\n<figure class=\"wp-block-image size-large\"><a href=\"https:\/\/www.pankebuch.de\/wp-content\/uploads\/2021\/07\/WIR-DREI-NEU-2021.jpg\"><img loading=\"lazy\" decoding=\"async\" width=\"1024\" height=\"683\" data-id=\"6751\" src=\"https:\/\/www.pankebuch.de\/wp-content\/uploads\/2021\/07\/WIR-DREI-NEU-2021-1024x683.jpg\" alt=\"\" class=\"wp-image-6751\" srcset=\"https:\/\/www.pankebuch.de\/wp-content\/uploads\/2021\/07\/WIR-DREI-NEU-2021-1024x683.jpg 1024w, https:\/\/www.pankebuch.de\/wp-content\/uploads\/2021\/07\/WIR-DREI-NEU-2021-300x200.jpg 300w, https:\/\/www.pankebuch.de\/wp-content\/uploads\/2021\/07\/WIR-DREI-NEU-2021-768x512.jpg 768w, https:\/\/www.pankebuch.de\/wp-content\/uploads\/2021\/07\/WIR-DREI-NEU-2021-1536x1024.jpg 1536w, https:\/\/www.pankebuch.de\/wp-content\/uploads\/2021\/07\/WIR-DREI-NEU-2021-624x416.jpg 624w, https:\/\/www.pankebuch.de\/wp-content\/uploads\/2021\/07\/WIR-DREI-NEU-2021.jpg 1680w\" sizes=\"(max-width: 1024px) 100vw, 1024px\" \/><\/a><figcaption>Foto: Marlene Gawrisch<\/figcaption><\/figure>\n<\/figure>\n\n\n\n<p><\/p>\n","protected":false},"excerpt":{"rendered":"<p>&#8230; w\u00fcnschen wir euch und laden euch Tag f\u00fcr Tag zu den sch\u00f6nsten B\u00fcchern des Nordens, unseren pers\u00f6nlichen Lekt\u00fcreempfehlungen, Geschenketipps und zur neuen Ausstellung ein. Sichert euch schon jetzt Karten f\u00fcr unsere Lesungen im Caf\u00e9 Eden. Auch unsere Freund*innen in den Nordischen Botschaften laden ein www.nordischebotschaften.orgwww.nordischebotschaften.org . Ihr trefft uns dort bei allen Lesungen mit [&hellip;]<\/p>\n","protected":false},"author":1,"featured_media":0,"comment_status":"closed","ping_status":"open","sticky":false,"template":"","format":"standard","meta":{"footnotes":""},"categories":[1],"tags":[],"_links":{"self":[{"href":"https:\/\/www.pankebuch.de\/index.php?rest_route=\/wp\/v2\/posts\/7754"}],"collection":[{"href":"https:\/\/www.pankebuch.de\/index.php?rest_route=\/wp\/v2\/posts"}],"about":[{"href":"https:\/\/www.pankebuch.de\/index.php?rest_route=\/wp\/v2\/types\/post"}],"author":[{"embeddable":true,"href":"https:\/\/www.pankebuch.de\/index.php?rest_route=\/wp\/v2\/users\/1"}],"replies":[{"embeddable":true,"href":"https:\/\/www.pankebuch.de\/index.php?rest_route=%2Fwp%2Fv2%2Fcomments&post=7754"}],"version-history":[{"count":45,"href":"https:\/\/www.pankebuch.de\/index.php?rest_route=\/wp\/v2\/posts\/7754\/revisions"}],"predecessor-version":[{"id":7857,"href":"https:\/\/www.pankebuch.de\/index.php?rest_route=\/wp\/v2\/posts\/7754\/revisions\/7857"}],"wp:attachment":[{"href":"https:\/\/www.pankebuch.de\/index.php?rest_route=%2Fwp%2Fv2%2Fmedia&parent=7754"}],"wp:term":[{"taxonomy":"category","embeddable":true,"href":"https:\/\/www.pankebuch.de\/index.php?rest_route=%2Fwp%2Fv2%2Fcategories&post=7754"},{"taxonomy":"post_tag","embeddable":true,"href":"https:\/\/www.pankebuch.de\/index.php?rest_route=%2Fwp%2Fv2%2Ftags&post=7754"}],"curies":[{"name":"wp","href":"https:\/\/api.w.org\/{rel}","templated":true}]}}